{"id":698,"date":"2016-11-19T18:28:20","date_gmt":"2016-11-19T16:28:20","guid":{"rendered":"http:\/\/hugin31155.apps-1and1.net\/?p=698"},"modified":"2016-11-19T18:28:20","modified_gmt":"2016-11-19T16:28:20","slug":"etappenziel-erreicht","status":"publish","type":"post","link":"https:\/\/hugin3.de\/?p=698","title":{"rendered":"Etappenziel erreicht"},"content":{"rendered":"<p>Naja, Fast. Ich\u00a0rede nicht vom geografischen Endpunkt.<\/p>\n<p>Am tag nach der Canaria-Rundfahrt &#8211; gammeln wir! Peter kommt vorbei. Peter lebt seit 15 Jahren auf Gran Canaria, gelernter Bootsbauer, hier &#8211; wider Erwarten &#8211; h\u00e4ngengeblieben. Wei die Canaren sind, wie sie sind &#8211; entspannt. Die Menschen.<\/p>\n<p>Peter erz\u00e4hlt aber auch, wie die Europ\u00e4isierung, der Druck der EU, das leben auf den Inseln ver\u00e4ndert.\u00a0Canarische Bananen, die kleinen, leckeren, zu exportieren &#8211; nicht m\u00f6glich, EU-Normen. Also werden sie kaum noch angebaut.<\/p>\n<p>Wo fr\u00fcher Zeit f\u00fcr einen Plausch war,\u00a0ist jetzt Effektivit\u00e4t gefragt. Und die l\u00e4sst keinen Platz mehr f\u00fcr einen M\u00fc\u00dfiggang&#8230;Sind wir nicht gerade deshalb immer in den S\u00fcden gefahren, um dieses entspannte, nicht profit-orientierte Leben zu genie\u00dfen? Und nun &#8211; schaffen wir es ab. Die Welt ist verr\u00fcckt.<\/p>\n<p>Peter erz\u00e4hlt auch von Kunden, die meinen, Lebenzeit zu verlieren, wenn sie mal l\u00e4nger in der Marina warten m\u00fcssen. Lebenszeit?`fragt er emp\u00f6rt. Die k\u00f6nnen das alles &#8211; er weist auf Berge und Meer &#8211; hier gar nicht mehr wahrnehmen! Und haben nur ihr n\u00e4chstes Ziel im Auge! Die rasen nur von Hafen zu Hafen!<\/p>\n<p>Wir nicken\u00a0ertappt. Auch wir sind davor nicht gefeit. Und lernen doch so langsam, den Moment zu genie\u00dfen. Wir kommen nicht weiter? Der Wind ist nicht\u00a0perfekt? Egal. Wir sind hier,\u00a0sitzen abends noch in Shorts unter Palmen, lernen immer wieder faszinierende Leute kennen &#8211;\u00a0was f\u00fcr ein Luxus! Wie schade, das nicht mehr zu sehen und zu sch\u00e4tzen.<\/p>\n<p>Genie\u00dfe den Augenblick! Wenn das ein Ziel der Reise ist &#8211; dann sind wir ihm ein St\u00fcckchen n\u00e4her gekommen.<\/p>\n","protected":false},"excerpt":{"rendered":"<p>Naja, Fast. Ich\u00a0rede nicht vom geografischen Endpunkt. Am tag nach der Canaria-Rundfahrt &#8211; gammeln wir! Peter kommt vorbei. Peter lebt seit 15 Jahren auf Gran Canaria, gelernter Bootsbauer, hier &#8211; wider Erwarten &#8211; h\u00e4ngengeblieben. Wei die Canaren sind, wie sie sind &#8211; entspannt. Die Menschen. Peter erz\u00e4hlt aber auch, wie die Europ\u00e4isierung, der Druck der &hellip; <\/p>\n<p class=\"link-more\"><a href=\"https:\/\/hugin3.de\/?p=698\" class=\"more-link\"><span class=\"screen-reader-text\">\u201eEtappenziel erreicht\u201c <\/span>weiterlesen<\/a><\/p>\n","protected":false},"author":2,"featured_media":1945,"comment_status":"open","ping_status":"open","sticky":false,"template":"","format":"standard","meta":{"ngg_post_thumbnail":0,"footnotes":""},"categories":[1],"tags":[],"class_list":["post-698","post","type-post","status-publish","format-standard","has-post-thumbnail","hentry","category-uncategorized"],"geo":null,"_links":{"self":[{"href":"https:\/\/hugin3.de\/index.php?rest_route=\/wp\/v2\/posts\/698","targetHints":{"allow":["GET"]}}],"collection":[{"href":"https:\/\/hugin3.de\/index.php?rest_route=\/wp\/v2\/posts"}],"about":[{"href":"https:\/\/hugin3.de\/index.php?rest_route=\/wp\/v2\/types\/post"}],"author":[{"embeddable":true,"href":"https:\/\/hugin3.de\/index.php?rest_route=\/wp\/v2\/users\/2"}],"replies":[{"embeddable":true,"href":"https:\/\/hugin3.de\/index.php?rest_route=%2Fwp%2Fv2%2Fcomments&post=698"}],"version-history":[{"count":0,"href":"https:\/\/hugin3.de\/index.php?rest_route=\/wp\/v2\/posts\/698\/revisions"}],"wp:featuredmedia":[{"embeddable":true,"href":"https:\/\/hugin3.de\/index.php?rest_route=\/wp\/v2\/media\/1945"}],"wp:attachment":[{"href":"https:\/\/hugin3.de\/index.php?rest_route=%2Fwp%2Fv2%2Fmedia&parent=698"}],"wp:term":[{"taxonomy":"category","embeddable":true,"href":"https:\/\/hugin3.de\/index.php?rest_route=%2Fwp%2Fv2%2Fcategories&post=698"},{"taxonomy":"post_tag","embeddable":true,"href":"https:\/\/hugin3.de\/index.php?rest_route=%2Fwp%2Fv2%2Ftags&post=698"}],"curies":[{"name":"wp","href":"https:\/\/api.w.org\/{rel}","templated":true}]}}