{"id":686,"date":"2016-11-19T18:01:11","date_gmt":"2016-11-19T16:01:11","guid":{"rendered":"http:\/\/hugin31155.apps-1and1.net\/?p=686"},"modified":"2016-11-19T18:01:11","modified_gmt":"2016-11-19T16:01:11","slug":"millionen-touristen-koennen-nicht-irren","status":"publish","type":"post","link":"https:\/\/hugin3.de\/?p=686","title":{"rendered":"Millionen Touristen k\u00f6nnen nicht irren!"},"content":{"rendered":"<p>Gran Canaria ist sch\u00f6n! Nein, toll, geradezu phantastisch. Wir sind entgegen all unserer Erwartungen komplett begeistert.<\/p>\n<p>Wir haben die Zeit genutzt &#8211; der Wind mault und h\u00e4lt sich noch immer bedeckt, aber\u00a0manchmal m\u00fcssen wir ja zu unserem Gl\u00fcck gezwungen werden, wir w\u00e4ren glatt weiter gesegelt, ohne die Insel zu erkunden. Haben ein Auto gemietet. Sind zum Roque Nubio (1732 Meter) gefahren und dort gewandert. Schon die Fahrt war sch\u00f6n. Und das Wandern! Endlich mal wieder Kiefernnadeln unter den F\u00fcssen, B\u00e4ume riechen! Der Ausblick! Sensationell. Dann weiter in den Norden, zur\u00fcck \u00fcber den Nordwesten \u2013 durch einen M\u00e4rchenwald, mit Flechten verhangene B\u00e4ume, Mischwald, Palmen inmitten von Kiefern, Kastanien-, Eukalyptusb\u00e4ume! Sch\u00f6ne alte kanarische H\u00e4user, Weihnachtssterne, die Mauern umranken. Tiefe Schluchten, gr\u00fcne Ebenen wie Teppiche, Terrassen. Nach jeder Kurve ein anderes Panorama, das uns \u201eAah\u201cs, \u201eOooohhh\u201cs, fassungsloses \u201eGuck doch mal!\u201c entlockt \u2013 oder uns in and\u00e4chtiges Schweigen verfallen l\u00e4sst. Gran Canaria hat alles. Gran Canaria ist wirklich sch\u00f6n.<\/p>\n<p>Die Touriburgen allerdings haben wir ausgelassen, sonst w\u00e4re uns die Lust vielleicht doch vergangen. Denn so langsam keimt in uns der Gedanke, das Boot vielleicht mal auf den Kanaren zu lassen&#8230;??? Das Alter f\u00fcr Gran Canaria h\u00e4tten wir ja langsam&#8230;<\/p>\n<p>&nbsp;<\/p>\n<p>&nbsp;<\/p>\n","protected":false},"excerpt":{"rendered":"<p>Gran Canaria ist sch\u00f6n! Nein, toll, geradezu phantastisch. Wir sind entgegen all unserer Erwartungen komplett begeistert. Wir haben die Zeit genutzt &#8211; der Wind mault und h\u00e4lt sich noch immer bedeckt, aber\u00a0manchmal m\u00fcssen wir ja zu unserem Gl\u00fcck gezwungen werden, wir w\u00e4ren glatt weiter gesegelt, ohne die Insel zu erkunden. Haben ein Auto gemietet. Sind &hellip; <\/p>\n<p class=\"link-more\"><a href=\"https:\/\/hugin3.de\/?p=686\" class=\"more-link\"><span class=\"screen-reader-text\">\u201eMillionen Touristen k\u00f6nnen nicht irren!\u201c <\/span>weiterlesen<\/a><\/p>\n","protected":false},"author":2,"featured_media":1942,"comment_status":"open","ping_status":"open","sticky":false,"template":"","format":"standard","meta":{"ngg_post_thumbnail":0,"footnotes":""},"categories":[1],"tags":[],"class_list":["post-686","post","type-post","status-publish","format-standard","has-post-thumbnail","hentry","category-uncategorized"],"geo":{"latitude":27.371767,"longitude":-15.8642578,"description":null},"_links":{"self":[{"href":"https:\/\/hugin3.de\/index.php?rest_route=\/wp\/v2\/posts\/686","targetHints":{"allow":["GET"]}}],"collection":[{"href":"https:\/\/hugin3.de\/index.php?rest_route=\/wp\/v2\/posts"}],"about":[{"href":"https:\/\/hugin3.de\/index.php?rest_route=\/wp\/v2\/types\/post"}],"author":[{"embeddable":true,"href":"https:\/\/hugin3.de\/index.php?rest_route=\/wp\/v2\/users\/2"}],"replies":[{"embeddable":true,"href":"https:\/\/hugin3.de\/index.php?rest_route=%2Fwp%2Fv2%2Fcomments&post=686"}],"version-history":[{"count":0,"href":"https:\/\/hugin3.de\/index.php?rest_route=\/wp\/v2\/posts\/686\/revisions"}],"wp:featuredmedia":[{"embeddable":true,"href":"https:\/\/hugin3.de\/index.php?rest_route=\/wp\/v2\/media\/1942"}],"wp:attachment":[{"href":"https:\/\/hugin3.de\/index.php?rest_route=%2Fwp%2Fv2%2Fmedia&parent=686"}],"wp:term":[{"taxonomy":"category","embeddable":true,"href":"https:\/\/hugin3.de\/index.php?rest_route=%2Fwp%2Fv2%2Fcategories&post=686"},{"taxonomy":"post_tag","embeddable":true,"href":"https:\/\/hugin3.de\/index.php?rest_route=%2Fwp%2Fv2%2Ftags&post=686"}],"curies":[{"name":"wp","href":"https:\/\/api.w.org\/{rel}","templated":true}]}}