{"id":656,"date":"2016-11-06T12:30:02","date_gmt":"2016-11-06T10:30:02","guid":{"rendered":"http:\/\/hugin31155.apps-1and1.net\/?p=656"},"modified":"2016-11-06T12:30:02","modified_gmt":"2016-11-06T10:30:02","slug":"auf-zu-neuen-ufern","status":"publish","type":"post","link":"https:\/\/hugin3.de\/?p=656","title":{"rendered":"Auf zu neuen Ufern&#8230;"},"content":{"rendered":"<p>7.11.16&#8230;in diesem Falle einer neuen Marina. So sch\u00f6n Puerto Calero ist, uns zieht es weiter \u2013 in die Rubicon. Unterwegs der erste kr\u00e4ftige Regen seit langem, aber zum Gl\u00fcck nur kurz.<\/p>\n<p>Die Marina ist zum einen empfohlen von den Engl\u00e4ndern, zum anderen und vor allem wollen wir Nicole und Armin nochmal vor dem gro\u00dfen Start sehen. Sie liegen mit ihrer Amel (ein Traum!!) vor einer Weinbar, wir aber treffen uns auf ihrem Boot, freuen uns riesig, uns wieder zu treffen, und tauschen Neuigkeiten aus. Wie seid ihr gefahren? Was ist kaputt gegangen? Was wo wie repariert worden? Was muss man noch besorgen? Etc&#8230; Es wird ein sehr netter Abend.<\/p>\n<p>Um uns herum immer mehr Boote, die das ARC-Zeichen tragen (das der organisierten Rallye \u00fcber den Atlantik, die in zwei Wochen startet), und andere, Individualisten, die sich anscheinend auch f\u00fcr den gro\u00dfen Sprung r\u00fcsten. Aufbruchstimmung, es prickelt.<\/p>\n<p>Dennoch, wir bleiben wahrscheinlich bis Dienstag hier, um dann noch in Fuerteventura zu stoppen, nach Gran Canaria \u00fcberzusetzen und die ARC, die von Las Palmas aus startet, zu sehen. \u00dcber 200 Boote! Es muss toll sein! Wir aber gehen dann allein. Und erstmal auf die Kapverden. Der Wind, im Moment noch schwach und wie immer aus der falschen Richtung kommend, hat sich dann, laut Wetterbericht, schon mal eingegroovt f\u00fcr das gro\u00dfe Gebl\u00e4se aus Nordost, auf dem wir \u2013 hoffentlich \u2013 leichtens Richtung S\u00fcdwesten surfen.<\/p>\n<p>Wer Spa\u00df hat, ihm zu folgen: <a href=\"http:\/\/www.windytv.com\">www.windytv.com<\/a> ist eine gute Adresse.<\/p>\n<p>&nbsp;<\/p>\n<p>&nbsp;<\/p>\n<p>&nbsp;<\/p>\n<p>&nbsp;<\/p>\n","protected":false},"excerpt":{"rendered":"<p>7.11.16&#8230;in diesem Falle einer neuen Marina. So sch\u00f6n Puerto Calero ist, uns zieht es weiter \u2013 in die Rubicon. Unterwegs der erste kr\u00e4ftige Regen seit langem, aber zum Gl\u00fcck nur kurz. Die Marina ist zum einen empfohlen von den Engl\u00e4ndern, zum anderen und vor allem wollen wir Nicole und Armin nochmal vor dem gro\u00dfen Start &hellip; <\/p>\n<p class=\"link-more\"><a href=\"https:\/\/hugin3.de\/?p=656\" class=\"more-link\"><span class=\"screen-reader-text\">\u201eAuf zu neuen Ufern&#8230;\u201c <\/span>weiterlesen<\/a><\/p>\n","protected":false},"author":2,"featured_media":0,"comment_status":"open","ping_status":"open","sticky":false,"template":"","format":"standard","meta":{"ngg_post_thumbnail":0,"footnotes":""},"categories":[1],"tags":[],"class_list":["post-656","post","type-post","status-publish","format-standard","hentry","category-uncategorized"],"geo":null,"_links":{"self":[{"href":"https:\/\/hugin3.de\/index.php?rest_route=\/wp\/v2\/posts\/656","targetHints":{"allow":["GET"]}}],"collection":[{"href":"https:\/\/hugin3.de\/index.php?rest_route=\/wp\/v2\/posts"}],"about":[{"href":"https:\/\/hugin3.de\/index.php?rest_route=\/wp\/v2\/types\/post"}],"author":[{"embeddable":true,"href":"https:\/\/hugin3.de\/index.php?rest_route=\/wp\/v2\/users\/2"}],"replies":[{"embeddable":true,"href":"https:\/\/hugin3.de\/index.php?rest_route=%2Fwp%2Fv2%2Fcomments&post=656"}],"version-history":[{"count":0,"href":"https:\/\/hugin3.de\/index.php?rest_route=\/wp\/v2\/posts\/656\/revisions"}],"wp:attachment":[{"href":"https:\/\/hugin3.de\/index.php?rest_route=%2Fwp%2Fv2%2Fmedia&parent=656"}],"wp:term":[{"taxonomy":"category","embeddable":true,"href":"https:\/\/hugin3.de\/index.php?rest_route=%2Fwp%2Fv2%2Fcategories&post=656"},{"taxonomy":"post_tag","embeddable":true,"href":"https:\/\/hugin3.de\/index.php?rest_route=%2Fwp%2Fv2%2Ftags&post=656"}],"curies":[{"name":"wp","href":"https:\/\/api.w.org\/{rel}","templated":true}]}}