{"id":621,"date":"2016-10-26T00:11:28","date_gmt":"2016-10-25T22:11:28","guid":{"rendered":"http:\/\/hugin31155.apps-1and1.net\/?p=621"},"modified":"2016-10-26T00:11:28","modified_gmt":"2016-10-25T22:11:28","slug":"morgen","status":"publish","type":"post","link":"https:\/\/hugin3.de\/?p=621","title":{"rendered":"Morgen&#8230;"},"content":{"rendered":"<p>&#8230;geht\u2019s los. Auf in den Atlantik. Wir sind aufgeregt, alle beide. Angst habe ich \u2013 Peter hatte die ja nie \u2013 eigentlich nicht mehr, ich freue mich. Und Peter sich ja sowieso.<\/p>\n<p>Heute waren wir noch am Europa-point, dem westlichsten Punkt auf dem europ\u00e4ischen Festland. Sehr beeindruckend und geschichtstr\u00e4chtig, immer wieder ein Symbol f\u00fcr die Vorherrschaft von wahlweise Arabern, Spaniern und\u00a0jetzt eben Engl\u00e4ndern. (Foto folgt, w\u00fcrde aber jetzt den Rest Internetkonto auffressen&#8230;)<\/p>\n<p>Von da aus hat man eine wunderbaren Blick\u00a0nach Westen. Da wollen wir hin! Morgen!<\/p>\n<p>Obwohl wir \u00fcberlegt hatten, die Abreise zu verschieben. Es kommt ganz schlechtes Wetter, man sollte halt doch Ende September aus dem Mittelmeer verschwunden sein.<\/p>\n<p>Aber wenn wir morgen fr\u00fch losziehen, sind wir rechtzeitig weg.<\/p>\n<p>Alle machen uns Mut. Greg, der sechs Mal \u201er\u00fcber\u201c gegangen ist, hat alle Wetterinfos zusammengesammelt und dringend empfohlen, morgen zu gehen.\u00a0Es w\u00fcrde\u00a0super! \u00a0Ideale Zeit, wir\u00a0w\u00fcrden es genie\u00dfen! Naja, schaun wir mal&#8230;<\/p>\n<p>Ein Segel haben wir noch mal eben gebraucht gekauft von John und Alex, die sechs Jahre lang in der Karibik gelebt haben und nur wegen der Enkelkinder (John hat lange Haare und einen Pferdeschwanz, aber auch freaks haben Enkelkinder&#8230;) wieder nach Europa gezogen sind, und die uns beneiden. Wir w\u00fcrden eine tolle Zeit haben!<\/p>\n<p>Wir haben uns lange mit Armin und Nicole zusammengesetzt und Wetter \u00fcber Wetter studiert und beschlossen \u2013 es geht! Sie gehen mit uns.<\/p>\n<p>Und auch Sergio und Gemma aus Rom. Wir sind also drei Boote, eine kleine \u201eARC\u201c (die Atlantic cruising Rallye, mehrerer hundert Boote, die von den Kanaren starten).<\/p>\n<p>Es ist total nett, so eine Gemeinschaft zu finden!<\/p>\n<p>Madeira werden wir leider canceln m\u00fcssen, ebenso wie Marokko, wir gehen direkt auf die Kanaren.<\/p>\n<p>Dr\u00fcckt uns die Daumen! Wir sind denn mal weg&#8230;und offline f\u00fcr die n\u00e4chsten sechs Tage&#8230;<\/p>\n<p>&nbsp;<\/p>\n<p>&nbsp;<\/p>\n<p>&nbsp;<\/p>\n<p>&nbsp;<\/p>\n","protected":false},"excerpt":{"rendered":"<p>&#8230;geht\u2019s los. Auf in den Atlantik. Wir sind aufgeregt, alle beide. Angst habe ich \u2013 Peter hatte die ja nie \u2013 eigentlich nicht mehr, ich freue mich. Und Peter sich ja sowieso. Heute waren wir noch am Europa-point, dem westlichsten Punkt auf dem europ\u00e4ischen Festland. Sehr beeindruckend und geschichtstr\u00e4chtig, immer wieder ein Symbol f\u00fcr die &hellip; <\/p>\n<p class=\"link-more\"><a href=\"https:\/\/hugin3.de\/?p=621\" class=\"more-link\">Continue reading<span class=\"screen-reader-text\"> &#8222;Morgen&#8230;&#8220;<\/span><\/a><\/p>\n","protected":false},"author":2,"featured_media":0,"comment_status":"open","ping_status":"open","sticky":false,"template":"","format":"standard","meta":{"ngg_post_thumbnail":0,"footnotes":""},"categories":[1],"tags":[],"class_list":["post-621","post","type-post","status-publish","format-standard","hentry","category-uncategorized"],"geo":null,"_links":{"self":[{"href":"https:\/\/hugin3.de\/index.php?rest_route=\/wp\/v2\/posts\/621","targetHints":{"allow":["GET"]}}],"collection":[{"href":"https:\/\/hugin3.de\/index.php?rest_route=\/wp\/v2\/posts"}],"about":[{"href":"https:\/\/hugin3.de\/index.php?rest_route=\/wp\/v2\/types\/post"}],"author":[{"embeddable":true,"href":"https:\/\/hugin3.de\/index.php?rest_route=\/wp\/v2\/users\/2"}],"replies":[{"embeddable":true,"href":"https:\/\/hugin3.de\/index.php?rest_route=%2Fwp%2Fv2%2Fcomments&post=621"}],"version-history":[{"count":0,"href":"https:\/\/hugin3.de\/index.php?rest_route=\/wp\/v2\/posts\/621\/revisions"}],"wp:attachment":[{"href":"https:\/\/hugin3.de\/index.php?rest_route=%2Fwp%2Fv2%2Fmedia&parent=621"}],"wp:term":[{"taxonomy":"category","embeddable":true,"href":"https:\/\/hugin3.de\/index.php?rest_route=%2Fwp%2Fv2%2Fcategories&post=621"},{"taxonomy":"post_tag","embeddable":true,"href":"https:\/\/hugin3.de\/index.php?rest_route=%2Fwp%2Fv2%2Ftags&post=621"}],"curies":[{"name":"wp","href":"https:\/\/api.w.org\/{rel}","templated":true}]}}