{"id":536,"date":"2016-09-28T10:09:39","date_gmt":"2016-09-28T08:09:39","guid":{"rendered":"http:\/\/hugin31155.apps-1and1.net\/?p=536"},"modified":"2016-09-28T10:09:39","modified_gmt":"2016-09-28T08:09:39","slug":"beautiful-people","status":"publish","type":"post","link":"https:\/\/hugin3.de\/?p=536","title":{"rendered":"Beautiful people&#8230;"},"content":{"rendered":"<p>&#8230;leben hier. Die K\u00fcste Sardiniens geh\u00f6rt den Sch\u00f6nen, den Reichen und den ganz sch\u00f6n Reichen. Eindeutig. Architektonisch allerdings beeindruckend, keine verschandelnden Hochh\u00e4user, sehr geschmackvoll, sehr individuell und kreativ. Dennoch, so ganz unseres ist es bislang nicht.<\/p>\n<p>Segeltechnisch allerdings \u2013 sehr verlockend. Landschaftlich sch\u00f6n, kleine, gut gesch\u00fctzte Buchten, in denen wir endlich wieder schnorcheln (obwohl das Wasser tr\u00fcb und bei weitem nicht so klar ist, wie Sardinien immer verspricht) und ruhig vor Anker liegen k\u00f6nnen. Marinas, kleine H\u00e4fen also f\u00fcr Privatschiffe, die bezahlbar und trotzdem sauber und gut ausgestattet sind. Sardinien wird vielleicht unser neues Segelrevier, wenn wir n\u00e4chstes Jahr zur\u00fcckkommen&#8230;<\/p>\n","protected":false},"excerpt":{"rendered":"<p>&#8230;leben hier. Die K\u00fcste Sardiniens geh\u00f6rt den Sch\u00f6nen, den Reichen und den ganz sch\u00f6n Reichen. Eindeutig. Architektonisch allerdings beeindruckend, keine verschandelnden Hochh\u00e4user, sehr geschmackvoll, sehr individuell und kreativ. Dennoch, so ganz unseres ist es bislang nicht. Segeltechnisch allerdings \u2013 sehr verlockend. Landschaftlich sch\u00f6n, kleine, gut gesch\u00fctzte Buchten, in denen wir endlich wieder schnorcheln (obwohl das &hellip; <\/p>\n<p class=\"link-more\"><a href=\"https:\/\/hugin3.de\/?p=536\" class=\"more-link\"><span class=\"screen-reader-text\">\u201eBeautiful people&#8230;\u201c <\/span>weiterlesen<\/a><\/p>\n","protected":false},"author":2,"featured_media":1919,"comment_status":"open","ping_status":"open","sticky":false,"template":"","format":"standard","meta":{"ngg_post_thumbnail":0,"footnotes":""},"categories":[1],"tags":[],"class_list":["post-536","post","type-post","status-publish","format-standard","has-post-thumbnail","hentry","category-uncategorized"],"geo":{"latitude":41.1274376,"longitude":9.4703436,"description":"Capo Ferro, Sardegna, 07021, IT"},"_links":{"self":[{"href":"https:\/\/hugin3.de\/index.php?rest_route=\/wp\/v2\/posts\/536","targetHints":{"allow":["GET"]}}],"collection":[{"href":"https:\/\/hugin3.de\/index.php?rest_route=\/wp\/v2\/posts"}],"about":[{"href":"https:\/\/hugin3.de\/index.php?rest_route=\/wp\/v2\/types\/post"}],"author":[{"embeddable":true,"href":"https:\/\/hugin3.de\/index.php?rest_route=\/wp\/v2\/users\/2"}],"replies":[{"embeddable":true,"href":"https:\/\/hugin3.de\/index.php?rest_route=%2Fwp%2Fv2%2Fcomments&post=536"}],"version-history":[{"count":0,"href":"https:\/\/hugin3.de\/index.php?rest_route=\/wp\/v2\/posts\/536\/revisions"}],"wp:featuredmedia":[{"embeddable":true,"href":"https:\/\/hugin3.de\/index.php?rest_route=\/wp\/v2\/media\/1919"}],"wp:attachment":[{"href":"https:\/\/hugin3.de\/index.php?rest_route=%2Fwp%2Fv2%2Fmedia&parent=536"}],"wp:term":[{"taxonomy":"category","embeddable":true,"href":"https:\/\/hugin3.de\/index.php?rest_route=%2Fwp%2Fv2%2Fcategories&post=536"},{"taxonomy":"post_tag","embeddable":true,"href":"https:\/\/hugin3.de\/index.php?rest_route=%2Fwp%2Fv2%2Ftags&post=536"}],"curies":[{"name":"wp","href":"https:\/\/api.w.org\/{rel}","templated":true}]}}