{"id":432,"date":"2016-09-02T12:24:38","date_gmt":"2016-09-02T10:24:38","guid":{"rendered":"http:\/\/hugin31155.apps-1and1.net\/?p=432"},"modified":"2016-09-02T12:24:38","modified_gmt":"2016-09-02T10:24:38","slug":"wir-sind-helden","status":"publish","type":"post","link":"https:\/\/hugin3.de\/?p=432","title":{"rendered":"Wir sind Helden"},"content":{"rendered":"<p>Es ist ja nicht so, dass wir hier\u00a0d\u00e4umchendrehend\u00a0herumsitzen und maulend auf die Pumpe warten. Nein, wir r\u00fcsten unsere alte Dame Hugin um. Von analog auf digital.<\/p>\n<p>Einige der Anzeigen haben schon vor geraumer Zeit den Geist aufgegeben und sind mittlerweile ins digitale Zeitalter bef\u00f6rdert worden. Nun fehlen noch die Windanzeiger. Die Instrumente sind eingebaut und funktionieren \u2013 ganz einfach, das System! \u2013 erstmal \u00fcberhaupt nicht. Man muss sie kalibirieren, das hei\u00dft einrichten. Und wie man wei\u00df, hat jeder Computer da seinen eigenen Kopf. Nach vielen Fl\u00fcchen und ausgerissenen Haaren zeigen die Instrumente das an, was sie sollen: Tiefenmeter und die Warnung vor Untiefen.<\/p>\n<p>Fehlt noch der Windmesser.<\/p>\n<p>Dazu muss Peter in den Mast. Wir haben die leichte Hoffnung, das alte und das neue System parallel verwenden zu k\u00f6nnen, doch das erweist sich schon nach dem ersten Mastaufstieg als Illusion \u2013 die Windfahne ist v\u00f6llig zerfressen.<\/p>\n<p>Wenigstens die Halterung an der Mastspitze aber w\u00fcrde Peter gern nutzen, damit er da oben nicht bohren muss. Dazu braucht er nur eine kleine Edelstahlplatte mit entsprechenden L\u00f6chern. Die Bohrung m\u00fcssten wir doch in der Werkstatt der Marina kriegen!<\/p>\n<p>Francesco, einer der Mechaniker, h\u00f6rt sich das freundlich an und sieht kein Problem. Er bringt die Platte zu einem Freund zwei Orte weiter, der schneidet das \u00a0Gewinde und nach \u00fcbermorgen\u00a0haben wir die Platte, wie gew\u00fcnscht. Peter \u201ekriegt es an der Erbs\u201c. Zwei Tage f\u00fcr so eine Kleinigkeit! Da schneidet er das Gewinde lieber selber \u2013 zwischen Boot und Steg. Unsere Werkstatt an Bord ist besser ausger\u00fcstet als die Halle hier&#8230;<\/p>\n<p>Mit der neuen Platte also muss Peter wieder in den Mast. Halb zog sie ihn, halb stieg er hin&#8230;die Maststufen \u2013 mal von Sebastian angenietet -, sind eine gro\u00dfe Hilfe, ich sichere meinen Mann \u00fcber das Tau, mit dem man eigentlich das Gro\u00dfsegel hochzieht.<\/p>\n<p>Die Platte passt! Das ist schonmal die halbe Miete. Nun m\u00fcssen wir nur noch das Kabel vom Windanzeiger oben am Mast durch selbigen ziehen und mit dem Bordcomputer im Motorraum verbinden. \u201eNur noch\u201c&#8230;<\/p>\n<p>Peter gibt ein St\u00fcck Schnur, beschwert mit einer Schraube, nach unten, ich stochere unten im Mastfuss, um das Teil zu erreichen. Nichts. Ich h\u00f6re doch das \u201eklong\u201c! Zu doof, um die Schnur zu fangen?<\/p>\n<p>Peter kommt wieder heruntergeklettert und vermutet, dass der Mast zwischendurch geschlossen ist. Dann kriegen wir das Kabel nie nach unten. Ein Loch bohren? Den Mast legen??? Auf die Windanzeiger verzichten? Geht gar nicht.<\/p>\n<p>Peter kommt auf die geniale Idee, die Rolle, \u00fcber die das \u201eGro\u00dffall\u201c (das Seil, mit dem das Gro\u00dfsegel bedient wird) l\u00e4uft, herauszuschrauben und durch den entstandenen Spalt in den Mast zu spickeln. Die Schrauben haben seit Jahrzehnten keinen Schraubendreher mehr gesehen, nur Salzwasser gesp\u00fcrt. Sie sind wie einbetoniert. Aber da haben sie nicht mit meinem Mann gerechnet! Der gibt nicht auf. Und bezwingt sie irgendwann dann doch. Ha! Wir lunzen durch den Spalt und sehen \u2013 Schutt. Ger\u00f6ll, was auch immer, irgend etwas, das ich lieber nicht genauer kennenlernen will.<\/p>\n<p>Aber es hilft nichts, da muss es durch, das Kabel. Mit einer Rohrreinigerspirale, die durch den Dreck gebohrt wird, kommt es dann irgendwann dann doch aus dem Mastfuss. Heureka! So m\u00fcssen sich Goldgr\u00e4ber f\u00fchlen, wenn sie auf Edelmetall sto\u00dfen.<\/p>\n<p>Geschafft! Wir auch. Peter klagt noch am n\u00e4chsten Tag \u00fcber Muskelkater vom Steigen, ich sp\u00fcre die Arme vom Ziehen und Halten. Aber wir haben eine funktionierende Windanzeige!!! Wir sind Helden!<\/p>\n<p>&nbsp;<\/p>\n<p>&nbsp;<\/p>\n<p>&nbsp;<\/p>\n<p>&nbsp;<\/p>\n","protected":false},"excerpt":{"rendered":"<p>Es ist ja nicht so, dass wir hier\u00a0d\u00e4umchendrehend\u00a0herumsitzen und maulend auf die Pumpe warten. Nein, wir r\u00fcsten unsere alte Dame Hugin um. Von analog auf digital. Einige der Anzeigen haben schon vor geraumer Zeit den Geist aufgegeben und sind mittlerweile ins digitale Zeitalter bef\u00f6rdert worden. Nun fehlen noch die Windanzeiger. Die Instrumente sind eingebaut und &hellip; <\/p>\n<p class=\"link-more\"><a href=\"https:\/\/hugin3.de\/?p=432\" class=\"more-link\"><span class=\"screen-reader-text\">\u201eWir sind Helden\u201c <\/span>weiterlesen<\/a><\/p>\n","protected":false},"author":2,"featured_media":1896,"comment_status":"open","ping_status":"open","sticky":false,"template":"","format":"standard","meta":{"ngg_post_thumbnail":0,"footnotes":""},"categories":[1],"tags":[],"class_list":["post-432","post","type-post","status-publish","format-standard","has-post-thumbnail","hentry","category-uncategorized"],"geo":null,"_links":{"self":[{"href":"https:\/\/hugin3.de\/index.php?rest_route=\/wp\/v2\/posts\/432","targetHints":{"allow":["GET"]}}],"collection":[{"href":"https:\/\/hugin3.de\/index.php?rest_route=\/wp\/v2\/posts"}],"about":[{"href":"https:\/\/hugin3.de\/index.php?rest_route=\/wp\/v2\/types\/post"}],"author":[{"embeddable":true,"href":"https:\/\/hugin3.de\/index.php?rest_route=\/wp\/v2\/users\/2"}],"replies":[{"embeddable":true,"href":"https:\/\/hugin3.de\/index.php?rest_route=%2Fwp%2Fv2%2Fcomments&post=432"}],"version-history":[{"count":0,"href":"https:\/\/hugin3.de\/index.php?rest_route=\/wp\/v2\/posts\/432\/revisions"}],"wp:featuredmedia":[{"embeddable":true,"href":"https:\/\/hugin3.de\/index.php?rest_route=\/wp\/v2\/media\/1896"}],"wp:attachment":[{"href":"https:\/\/hugin3.de\/index.php?rest_route=%2Fwp%2Fv2%2Fmedia&parent=432"}],"wp:term":[{"taxonomy":"category","embeddable":true,"href":"https:\/\/hugin3.de\/index.php?rest_route=%2Fwp%2Fv2%2Fcategories&post=432"},{"taxonomy":"post_tag","embeddable":true,"href":"https:\/\/hugin3.de\/index.php?rest_route=%2Fwp%2Fv2%2Ftags&post=432"}],"curies":[{"name":"wp","href":"https:\/\/api.w.org\/{rel}","templated":true}]}}