{"id":37,"date":"2014-08-24T18:54:28","date_gmt":"2014-08-24T16:54:28","guid":{"rendered":"http:\/\/hugin31155.apps-1and1.net\/?p=37"},"modified":"2014-08-24T18:54:28","modified_gmt":"2014-08-24T16:54:28","slug":"37","status":"publish","type":"post","link":"https:\/\/hugin3.de\/?p=37","title":{"rendered":"Wie alles begann&#8230;"},"content":{"rendered":"<p>Es war an einem Novembertag, Peter und ich waren grade von einem wundersch\u00f6nen T\u00f6rn in Griechenland zur\u00fcckgekommen. Drau\u00dfen regnete es. Es war langweilig. Zeit zum Tr\u00e4umen. Ach, wie sch\u00f6n w\u00e4re es doch, jetzt zu segeln.<br \/>\nWir lasen T\u00f6rnberichte. \u00dcber den Atlantik. Um die Welt. \u00dcber den Pazifik. Ach&#8230;Aber dazu br\u00e4uchte man ein blauwassertaugliches Boot! Wir recherchierten. Mit einem Langkieler waren viele unterwegs. Stabil, gut zu segeln. Mittelcockpit! Sicher, bequem. Eine Amel! Sehr sch\u00f6n. Aber viel zu teuer. Dann entdeckten wir die Vind\u00f6. Und verliebten uns. In das Schiff&#8230;<\/p>\n<p><!--more--><\/p>\n<p>&nbsp;<\/p>\n<p><a href=\"https:\/\/hugin3.de\/wp-content\/uploads\/2014\/08\/P1030287klein.jpg\"><img loading=\"lazy\" decoding=\"async\" class=\"alignleft wp-image-55\" src=\"https:\/\/hugin3.de\/wp-content\/uploads\/2014\/08\/P1030287klein.jpg\" alt=\"Hugin_Bl\u00e4tter\" width=\"215\" height=\"166\" \/><\/a><!--more--><\/p>\n","protected":false},"excerpt":{"rendered":"<p>Es war an einem Novembertag, Peter und ich waren grade von einem wundersch\u00f6nen T\u00f6rn in Griechenland zur\u00fcckgekommen. Drau\u00dfen regnete es. Es war langweilig. Zeit zum Tr\u00e4umen. Ach, wie sch\u00f6n w\u00e4re es doch, jetzt zu segeln. Wir lasen T\u00f6rnberichte. \u00dcber den Atlantik. Um die Welt. \u00dcber den Pazifik. Ach&#8230;Aber dazu br\u00e4uchte man ein blauwassertaugliches Boot! Wir &hellip; <\/p>\n<p class=\"link-more\"><a href=\"https:\/\/hugin3.de\/?p=37\" class=\"more-link\">Continue reading<span class=\"screen-reader-text\"> &#8222;Wie alles begann&#8230;&#8220;<\/span><\/a><\/p>\n","protected":false},"author":2,"featured_media":1862,"comment_status":"open","ping_status":"open","sticky":false,"template":"","format":"standard","meta":{"ngg_post_thumbnail":0,"footnotes":""},"categories":[1],"tags":[],"class_list":["post-37","post","type-post","status-publish","format-standard","has-post-thumbnail","hentry","category-uncategorized"],"geo":{"latitude":48.7810555,"longitude":8.2690353,"description":"Baden-Baden, Baden-W\u00fcrttemberg, 76534, DE"},"_links":{"self":[{"href":"https:\/\/hugin3.de\/index.php?rest_route=\/wp\/v2\/posts\/37","targetHints":{"allow":["GET"]}}],"collection":[{"href":"https:\/\/hugin3.de\/index.php?rest_route=\/wp\/v2\/posts"}],"about":[{"href":"https:\/\/hugin3.de\/index.php?rest_route=\/wp\/v2\/types\/post"}],"author":[{"embeddable":true,"href":"https:\/\/hugin3.de\/index.php?rest_route=\/wp\/v2\/users\/2"}],"replies":[{"embeddable":true,"href":"https:\/\/hugin3.de\/index.php?rest_route=%2Fwp%2Fv2%2Fcomments&post=37"}],"version-history":[{"count":0,"href":"https:\/\/hugin3.de\/index.php?rest_route=\/wp\/v2\/posts\/37\/revisions"}],"wp:featuredmedia":[{"embeddable":true,"href":"https:\/\/hugin3.de\/index.php?rest_route=\/wp\/v2\/media\/1862"}],"wp:attachment":[{"href":"https:\/\/hugin3.de\/index.php?rest_route=%2Fwp%2Fv2%2Fmedia&parent=37"}],"wp:term":[{"taxonomy":"category","embeddable":true,"href":"https:\/\/hugin3.de\/index.php?rest_route=%2Fwp%2Fv2%2Fcategories&post=37"},{"taxonomy":"post_tag","embeddable":true,"href":"https:\/\/hugin3.de\/index.php?rest_route=%2Fwp%2Fv2%2Ftags&post=37"}],"curies":[{"name":"wp","href":"https:\/\/api.w.org\/{rel}","templated":true}]}}