{"id":290,"date":"2016-07-26T20:20:22","date_gmt":"2016-07-26T18:20:22","guid":{"rendered":"http:\/\/hugin31155.apps-1and1.net\/?p=290"},"modified":"2016-07-26T20:20:22","modified_gmt":"2016-07-26T18:20:22","slug":"geschafft","status":"publish","type":"post","link":"https:\/\/hugin3.de\/?p=290","title":{"rendered":"Geschafft!"},"content":{"rendered":"<p>Am 26. starten wir nun aber wirklich Richtung Amargos. Irgendwann m\u00fcssen wir nunmal durch die \u00c4g\u00e4is, und so ganz schlecht sieht die Wetterkarte nicht aus \u2013 der gelbe Kern, der Starkwind anzeigt, ist relativ klein.<\/p>\n<p>Um halb 8 fahren wir. Mir ist schon bei der Aussicht auf den langen Tag relativ flau, Peter schickt mich unter Deck, schlafen.<\/p>\n<p>Irgendwann holt er mich wieder hoch. Er muss das Gro\u00dfsegel bergen. Und legt daf\u00fcr die Sicherheitsleine an, mit der er sich auf Deck einpickt, um nicht \u00fcber Bord zu gehen. Wenn Peter dieses Geschirr tr\u00e4gt, bedeutet es das Gleiche wie Stewardessen auf einem Flug, die sich au\u00dferplanm\u00e4\u00dfig setzen und anschnallen: Nichts Gutes. Es wird ungem\u00fctlich.<\/p>\n<p>Die Wetterkarte hat zwar im gro\u00dfen und ganzen ihr Wort gehalten, nicht aber bei der Windrichtung. Die bl\u00e4st aus S\u00fcdwest\u00a0statt Nordwest\u00a0und das hei\u00dft \u2013 gegenanzusegeln. Der ungem\u00fctlichste Kurs. Starke Seitenlage. Noch dazu kommen Wellen der vergangenen Starkwindtage \u2013 die sind hoch, unser Wind teilweise schwach \u2013 es ist ein einziger Kampf, den Peter k\u00e4mpft. Ich traue mich unter den Bedingungen nicht ans Steuer. Dann kommt der Starkwind selbst. Vier Meter hohe Wellen, lange Schaumk\u00e4mme, brechen sich unter dem Boot. Wer da zu viel Phantasie hat&#8230;also die Phantasie im Zaum halten und den\u00a0Tiger reiten!!!<\/p>\n<p>56 sm und zehn Stunden sp\u00e4ter ankern wir salzverkrustet in Amargos. Wir haben es geschafft!!! Und kurz darauf allen Ungemach schon wieder\u00a0vergessen.<\/p>\n","protected":false},"excerpt":{"rendered":"<p>Am 26. starten wir nun aber wirklich Richtung Amargos. Irgendwann m\u00fcssen wir nunmal durch die \u00c4g\u00e4is, und so ganz schlecht sieht die Wetterkarte nicht aus \u2013 der gelbe Kern, der Starkwind anzeigt, ist relativ klein. Um halb 8 fahren wir. Mir ist schon bei der Aussicht auf den langen Tag relativ flau, Peter schickt mich &hellip; <\/p>\n<p class=\"link-more\"><a href=\"https:\/\/hugin3.de\/?p=290\" class=\"more-link\"><span class=\"screen-reader-text\">\u201eGeschafft!\u201c <\/span>weiterlesen<\/a><\/p>\n","protected":false},"author":2,"featured_media":0,"comment_status":"open","ping_status":"open","sticky":false,"template":"","format":"standard","meta":{"ngg_post_thumbnail":0,"footnotes":""},"categories":[1],"tags":[],"class_list":["post-290","post","type-post","status-publish","format-standard","hentry","category-uncategorized"],"geo":{"latitude":36.8059845,"longitude":25.8467102,"description":"Amorgos, , 840 08, GR"},"_links":{"self":[{"href":"https:\/\/hugin3.de\/index.php?rest_route=\/wp\/v2\/posts\/290","targetHints":{"allow":["GET"]}}],"collection":[{"href":"https:\/\/hugin3.de\/index.php?rest_route=\/wp\/v2\/posts"}],"about":[{"href":"https:\/\/hugin3.de\/index.php?rest_route=\/wp\/v2\/types\/post"}],"author":[{"embeddable":true,"href":"https:\/\/hugin3.de\/index.php?rest_route=\/wp\/v2\/users\/2"}],"replies":[{"embeddable":true,"href":"https:\/\/hugin3.de\/index.php?rest_route=%2Fwp%2Fv2%2Fcomments&post=290"}],"version-history":[{"count":0,"href":"https:\/\/hugin3.de\/index.php?rest_route=\/wp\/v2\/posts\/290\/revisions"}],"wp:attachment":[{"href":"https:\/\/hugin3.de\/index.php?rest_route=%2Fwp%2Fv2%2Fmedia&parent=290"}],"wp:term":[{"taxonomy":"category","embeddable":true,"href":"https:\/\/hugin3.de\/index.php?rest_route=%2Fwp%2Fv2%2Fcategories&post=290"},{"taxonomy":"post_tag","embeddable":true,"href":"https:\/\/hugin3.de\/index.php?rest_route=%2Fwp%2Fv2%2Ftags&post=290"}],"curies":[{"name":"wp","href":"https:\/\/api.w.org\/{rel}","templated":true}]}}