{"id":265,"date":"2016-07-19T09:57:29","date_gmt":"2016-07-19T07:57:29","guid":{"rendered":"http:\/\/hugin31155.apps-1and1.net\/?p=265"},"modified":"2016-07-19T09:57:29","modified_gmt":"2016-07-19T07:57:29","slug":"kos","status":"publish","type":"post","link":"https:\/\/hugin3.de\/?p=265","title":{"rendered":"Kos"},"content":{"rendered":"<p>Nun also Kos. Wir ankern in N\u00e4he der Strandpromenade, gehen schwimmen und paddeln an Land, um in der Stadt herumzubummeln. Kos gef\u00e4llt mir nicht. Zu clean, zu &#8222;zivilisiert&#8220;, zu ich wei\u00df nicht was. Ungerecht, Kos hat so viel Geschichte! Und Kultur! Mir egal, ich vermisse Marmaris. Dazu kommt, dass wir beide noch etwas geschlaucht sind, nicht nur wegen des langen Ritts (70 Meilen) gestern. Die Ungewissheit, die schlechten Nachrichten gehen uns nahe. Wir h\u00e4ngen einen Tag mal ab.<\/p>\n<p>Versuchen, einen Tag fr\u00fcher in der Marina Platz zu bekommen. Keine Chance, am n\u00e4chsten Tag startet eine Regatta nach Rhodos. Die Marina ist komplett belegt und die Mitarbeiter ziemlich am Ende. Unverrichteterdinge ziehen wir ab, da kommt uns eine strahlende junge Frau entgegen. Layla von der Marmaris Marina! Die kleine, zarte, entz\u00fcckende Layla f\u00e4hrt bei der Regatta mit! Wir fallen uns abwechselnd in die Arme und\u00a0freuen uns einfach, uns nochmal zu sehen.<\/p>\n<p>Manfred Schmitt, ein leider verstorbener Kamerakollege, der, bedingt durch seine Arbeit, viele Menschen\u00a0getroffen hat, Manfred hat einmal gesagt, er habe ein Art inneres Album, in dem er alle Menschen mitnimmt, denen er alles Gute der Welt w\u00fcnscht. Was f\u00fcr ein sch\u00f6nes Bild! In unserem Album hat Layla\u00a0einen festen Platz!<\/p>\n<p>&nbsp;<\/p>\n<p>&nbsp;<\/p>\n","protected":false},"excerpt":{"rendered":"<p>Nun also Kos. Wir ankern in N\u00e4he der Strandpromenade, gehen schwimmen und paddeln an Land, um in der Stadt herumzubummeln. Kos gef\u00e4llt mir nicht. Zu clean, zu &#8222;zivilisiert&#8220;, zu ich wei\u00df nicht was. Ungerecht, Kos hat so viel Geschichte! Und Kultur! Mir egal, ich vermisse Marmaris. Dazu kommt, dass wir beide noch etwas geschlaucht sind, &hellip; <\/p>\n<p class=\"link-more\"><a href=\"https:\/\/hugin3.de\/?p=265\" class=\"more-link\"><span class=\"screen-reader-text\">\u201eKos\u201c <\/span>weiterlesen<\/a><\/p>\n","protected":false},"author":2,"featured_media":1868,"comment_status":"open","ping_status":"open","sticky":false,"template":"","format":"standard","meta":{"ngg_post_thumbnail":0,"footnotes":""},"categories":[1],"tags":[],"class_list":["post-265","post","type-post","status-publish","format-standard","has-post-thumbnail","hentry","category-uncategorized"],"geo":{"latitude":36.8946457,"longitude":27.2923355,"description":"Kos, , 853 00, GR"},"_links":{"self":[{"href":"https:\/\/hugin3.de\/index.php?rest_route=\/wp\/v2\/posts\/265","targetHints":{"allow":["GET"]}}],"collection":[{"href":"https:\/\/hugin3.de\/index.php?rest_route=\/wp\/v2\/posts"}],"about":[{"href":"https:\/\/hugin3.de\/index.php?rest_route=\/wp\/v2\/types\/post"}],"author":[{"embeddable":true,"href":"https:\/\/hugin3.de\/index.php?rest_route=\/wp\/v2\/users\/2"}],"replies":[{"embeddable":true,"href":"https:\/\/hugin3.de\/index.php?rest_route=%2Fwp%2Fv2%2Fcomments&post=265"}],"version-history":[{"count":0,"href":"https:\/\/hugin3.de\/index.php?rest_route=\/wp\/v2\/posts\/265\/revisions"}],"wp:featuredmedia":[{"embeddable":true,"href":"https:\/\/hugin3.de\/index.php?rest_route=\/wp\/v2\/media\/1868"}],"wp:attachment":[{"href":"https:\/\/hugin3.de\/index.php?rest_route=%2Fwp%2Fv2%2Fmedia&parent=265"}],"wp:term":[{"taxonomy":"category","embeddable":true,"href":"https:\/\/hugin3.de\/index.php?rest_route=%2Fwp%2Fv2%2Fcategories&post=265"},{"taxonomy":"post_tag","embeddable":true,"href":"https:\/\/hugin3.de\/index.php?rest_route=%2Fwp%2Fv2%2Ftags&post=265"}],"curies":[{"name":"wp","href":"https:\/\/api.w.org\/{rel}","templated":true}]}}