{"id":1798,"date":"2017-08-31T16:15:01","date_gmt":"2017-08-31T14:15:01","guid":{"rendered":"http:\/\/hugin31155.apps-1and1.net\/?p=1798"},"modified":"2017-08-31T16:15:01","modified_gmt":"2017-08-31T14:15:01","slug":"ab-in-die-wueste","status":"publish","type":"post","link":"https:\/\/hugin3.de\/?p=1798","title":{"rendered":"Ab in die W\u00fcste"},"content":{"rendered":"<p>26.8.2017<\/p>\n<p>Drei Tage haben wir ein Auto gemietet. Und machen uns nun nach dem Besuch in den Gew\u00e4chsh\u00e4usern auf &#8211; in die W\u00fcste. Jawohl. Etwa 80 Kilometer von Almerimar entfernt liegt die einzige W\u00fcste Europas, die Desierto de Tabernas.<\/p>\n<p>Eine Wildwestkulisse. Hinter jeder Kurve meinen wir, Indianern zu begegnen. Die Frage ist nun, was zuerst war \u2013 unser Bild der W\u00fcste oder die echte von Tabernas? Denn sie ist Hintergrund zahlreicher internationaler Western. Von daher haben diese Filme vermutlich unsere Vorstellung von \u201eW\u00fcste\u201c entscheidend gepr\u00e4gt.<\/p>\n<p>Zwei touristische Attraktionen mit Westernkulissen und viel Show gibt es, die besichtigt werden k\u00f6nnen. Das ist uns zu teuer. <\/p>\n<p>Die Natur ist umsonst und atemberaubend genug.<\/p>\n","protected":false},"excerpt":{"rendered":"<p>26.8.2017 Drei Tage haben wir ein Auto gemietet. Und machen uns nun nach dem Besuch in den Gew\u00e4chsh\u00e4usern auf &#8211; in die W\u00fcste. Jawohl. Etwa 80 Kilometer von Almerimar entfernt liegt die einzige W\u00fcste Europas, die Desierto de Tabernas. Eine Wildwestkulisse. Hinter jeder Kurve meinen wir, Indianern zu begegnen. Die Frage ist nun, was zuerst &hellip; <\/p>\n<p class=\"link-more\"><a href=\"https:\/\/hugin3.de\/?p=1798\" class=\"more-link\">Continue reading<span class=\"screen-reader-text\"> &#8222;Ab in die W\u00fcste&#8220;<\/span><\/a><\/p>\n","protected":false},"author":2,"featured_media":2170,"comment_status":"open","ping_status":"open","sticky":false,"template":"","format":"standard","meta":{"ngg_post_thumbnail":0,"footnotes":""},"categories":[1],"tags":[],"class_list":["post-1798","post","type-post","status-publish","format-standard","has-post-thumbnail","hentry","category-uncategorized"],"geo":{"latitude":37.0825729,"longitude":-2.490463,"description":"El Cortijo Alto, Andalucia, 04550, ES"},"_links":{"self":[{"href":"https:\/\/hugin3.de\/index.php?rest_route=\/wp\/v2\/posts\/1798","targetHints":{"allow":["GET"]}}],"collection":[{"href":"https:\/\/hugin3.de\/index.php?rest_route=\/wp\/v2\/posts"}],"about":[{"href":"https:\/\/hugin3.de\/index.php?rest_route=\/wp\/v2\/types\/post"}],"author":[{"embeddable":true,"href":"https:\/\/hugin3.de\/index.php?rest_route=\/wp\/v2\/users\/2"}],"replies":[{"embeddable":true,"href":"https:\/\/hugin3.de\/index.php?rest_route=%2Fwp%2Fv2%2Fcomments&post=1798"}],"version-history":[{"count":0,"href":"https:\/\/hugin3.de\/index.php?rest_route=\/wp\/v2\/posts\/1798\/revisions"}],"wp:featuredmedia":[{"embeddable":true,"href":"https:\/\/hugin3.de\/index.php?rest_route=\/wp\/v2\/media\/2170"}],"wp:attachment":[{"href":"https:\/\/hugin3.de\/index.php?rest_route=%2Fwp%2Fv2%2Fmedia&parent=1798"}],"wp:term":[{"taxonomy":"category","embeddable":true,"href":"https:\/\/hugin3.de\/index.php?rest_route=%2Fwp%2Fv2%2Fcategories&post=1798"},{"taxonomy":"post_tag","embeddable":true,"href":"https:\/\/hugin3.de\/index.php?rest_route=%2Fwp%2Fv2%2Ftags&post=1798"}],"curies":[{"name":"wp","href":"https:\/\/api.w.org\/{rel}","templated":true}]}}