{"id":1753,"date":"2017-08-14T09:10:30","date_gmt":"2017-08-14T07:10:30","guid":{"rendered":"http:\/\/hugin31155.apps-1and1.net\/?p=1753"},"modified":"2017-08-14T09:10:30","modified_gmt":"2017-08-14T07:10:30","slug":"malaga","status":"publish","type":"post","link":"https:\/\/hugin3.de\/?p=1753","title":{"rendered":"M\u00e0laga"},"content":{"rendered":"<p>11.8.2017<\/p>\n<p>Ach, M\u00e0laga. Was f\u00fcr eine sch\u00f6ne Stadt.<\/p>\n<p>F\u00fcr etwas mehr als einen Euro nehmen wir den Bus von Belm\u00e0dena in die zweitgr\u00f6\u00dfte Stadt Andalusiens, etwa 25 Kilometer entfernt. <\/p>\n<p>Und kommen in eine Oase. G\u00e4rten, Parks, Alleen, von Zitrusb\u00e4umen ges\u00e4umte Stra\u00dfen. Wundersch\u00f6ne alte H\u00e4user, dazwischen:  viel moderne Kunst. Es ist grandios.<\/p>\n<p>Wir \u00e4chzen in der Mittagshitze (das f\u00e4llt auch nur Touristen und Deutschen ein) auf\u2019s Castillo \u2013 und werden dort mit einem wunderbaren Blick belohnt.<\/p>\n<p>Zur\u00fcck geht es deutlich einfacher und schneller. Wir stromern durch die Gassen und landen eher zuf\u00e4llig vor dem Picasso Museum.<\/p>\n<p>Picasso wurde in M\u00e0laga geboren! Wusste ich Banausin mal wieder nicht. Und hat verf\u00fcgt, dass Teile seiner Werke in seiner Geburtsstadt posthum ausgestellt werden.<\/p>\n<p>Die Ausstellung ist nicht gro\u00df, aber exemplarisch, und wohltuend ist, dass es per Kopfh\u00f6rer auf deutsch Erkl\u00e4rungen dazu gibt \u2013 aber auch nur an ausgew\u00e4hlten Beispielen. <\/p>\n<p>Bereichert und wie aus einer anderen Welt kommend, fahren wir zur\u00fcck nach Benalm\u00e0dena.<\/p>\n<p>Wie trivial, wie absurd, wie vollkommen \u00fcberfl\u00fcssig wirkt dagegen diese Retortenstadt mit ihrem Rummel, ihren 08\/15 Restaurants und Fressbuden. <\/p>\n<p>Wir fl\u00fcchten aufs Boot. Da kriegt man davon nichts mit.<\/p>\n","protected":false},"excerpt":{"rendered":"<p>11.8.2017 Ach, M\u00e0laga. Was f\u00fcr eine sch\u00f6ne Stadt. F\u00fcr etwas mehr als einen Euro nehmen wir den Bus von Belm\u00e0dena in die zweitgr\u00f6\u00dfte Stadt Andalusiens, etwa 25 Kilometer entfernt. Und kommen in eine Oase. G\u00e4rten, Parks, Alleen, von Zitrusb\u00e4umen ges\u00e4umte Stra\u00dfen. Wundersch\u00f6ne alte H\u00e4user, dazwischen: viel moderne Kunst. Es ist grandios. Wir \u00e4chzen in der &hellip; <\/p>\n<p class=\"link-more\"><a href=\"https:\/\/hugin3.de\/?p=1753\" class=\"more-link\">Continue reading<span class=\"screen-reader-text\"> &#8222;M\u00e0laga&#8220;<\/span><\/a><\/p>\n","protected":false},"author":2,"featured_media":2159,"comment_status":"open","ping_status":"open","sticky":false,"template":"","format":"standard","meta":{"ngg_post_thumbnail":0,"footnotes":""},"categories":[1],"tags":[],"class_list":["post-1753","post","type-post","status-publish","format-standard","has-post-thumbnail","hentry","category-uncategorized"],"geo":{"latitude":36.6155281,"longitude":-4.4165039,"description":"Unnamed Road, 29004, M\u00e1laga, Spanien"},"_links":{"self":[{"href":"https:\/\/hugin3.de\/index.php?rest_route=\/wp\/v2\/posts\/1753","targetHints":{"allow":["GET"]}}],"collection":[{"href":"https:\/\/hugin3.de\/index.php?rest_route=\/wp\/v2\/posts"}],"about":[{"href":"https:\/\/hugin3.de\/index.php?rest_route=\/wp\/v2\/types\/post"}],"author":[{"embeddable":true,"href":"https:\/\/hugin3.de\/index.php?rest_route=\/wp\/v2\/users\/2"}],"replies":[{"embeddable":true,"href":"https:\/\/hugin3.de\/index.php?rest_route=%2Fwp%2Fv2%2Fcomments&post=1753"}],"version-history":[{"count":0,"href":"https:\/\/hugin3.de\/index.php?rest_route=\/wp\/v2\/posts\/1753\/revisions"}],"wp:featuredmedia":[{"embeddable":true,"href":"https:\/\/hugin3.de\/index.php?rest_route=\/wp\/v2\/media\/2159"}],"wp:attachment":[{"href":"https:\/\/hugin3.de\/index.php?rest_route=%2Fwp%2Fv2%2Fmedia&parent=1753"}],"wp:term":[{"taxonomy":"category","embeddable":true,"href":"https:\/\/hugin3.de\/index.php?rest_route=%2Fwp%2Fv2%2Fcategories&post=1753"},{"taxonomy":"post_tag","embeddable":true,"href":"https:\/\/hugin3.de\/index.php?rest_route=%2Fwp%2Fv2%2Ftags&post=1753"}],"curies":[{"name":"wp","href":"https:\/\/api.w.org\/{rel}","templated":true}]}}