{"id":1616,"date":"2017-07-24T16:03:14","date_gmt":"2017-07-24T14:03:14","guid":{"rendered":"http:\/\/hugin31155.apps-1and1.net\/?p=1616"},"modified":"2017-07-24T16:03:14","modified_gmt":"2017-07-24T14:03:14","slug":"baleeira-algarve-portugalfestland","status":"publish","type":"post","link":"https:\/\/hugin3.de\/?p=1616","title":{"rendered":"Erste Kontakte"},"content":{"rendered":"<p>24.7.2017, Baleeira, Algarve, Portugal\/Festland<\/p>\n<p>Wir wachen fr\u00fch auf. Stecken vorsichtig den Kopf aus der Luke \u2013 naja, geht so. Es windet immer noch stark. Die K\u00fcste ist immer noch kahl. Es ist kalt. Das Wasser hat 18 Grad! Und wir haben uns so auf das Schwimmen gefreut! Wer macht hier freiwillig Urlaub? Es gibt Hotels, es gibt einen Strand \u2013 offensichtlich ist die Bucht begehrt. Naja, schaun wir mal.<\/p>\n<p>Wir fr\u00fchst\u00fccken erstmal. Und genie\u00dfen es, wieder entspannt Kaffee trinken zu k\u00f6nnen, ohne zu f\u00fcrchten, dass der sich in die n\u00e4chste Ecke ergie\u00dft&#8230;<\/p>\n<p>Ich kann es nicht lassen &#8211; so viel Wasser, und dann nicht schwimmen gehen? 18 Grad hin oder her&#8230;ich traue mich. Und komme nicht weit. Nicht nur, dass es wirklich bei\u00dfend kalt ist, die Str\u00f6mung h\u00e4lt mich am Fleck, treibt mich fast ab. Also doch wieder schnell zur\u00fcck aufs sichere Boot. Aber im Wasser war ich wenigstens!<\/p>\n","protected":false},"excerpt":{"rendered":"<p>24.7.2017, Baleeira, Algarve, Portugal\/Festland Wir wachen fr\u00fch auf. Stecken vorsichtig den Kopf aus der Luke \u2013 naja, geht so. Es windet immer noch stark. Die K\u00fcste ist immer noch kahl. Es ist kalt. Das Wasser hat 18 Grad! Und wir haben uns so auf das Schwimmen gefreut! Wer macht hier freiwillig Urlaub? Es gibt Hotels, &hellip; <\/p>\n<p class=\"link-more\"><a href=\"https:\/\/hugin3.de\/?p=1616\" class=\"more-link\">Continue reading<span class=\"screen-reader-text\"> &#8222;Erste Kontakte&#8220;<\/span><\/a><\/p>\n","protected":false},"author":2,"featured_media":2135,"comment_status":"open","ping_status":"open","sticky":false,"template":"","format":"standard","meta":{"ngg_post_thumbnail":0,"footnotes":""},"categories":[1],"tags":[],"class_list":["post-1616","post","type-post","status-publish","format-standard","has-post-thumbnail","hentry","category-uncategorized"],"geo":{"latitude":37.0039177,"longitude":-8.9356155,"description":"R. Patr\u00e3o Ant\u00f3nio Faustino, 8650 Sagres, Portugal"},"_links":{"self":[{"href":"https:\/\/hugin3.de\/index.php?rest_route=\/wp\/v2\/posts\/1616","targetHints":{"allow":["GET"]}}],"collection":[{"href":"https:\/\/hugin3.de\/index.php?rest_route=\/wp\/v2\/posts"}],"about":[{"href":"https:\/\/hugin3.de\/index.php?rest_route=\/wp\/v2\/types\/post"}],"author":[{"embeddable":true,"href":"https:\/\/hugin3.de\/index.php?rest_route=\/wp\/v2\/users\/2"}],"replies":[{"embeddable":true,"href":"https:\/\/hugin3.de\/index.php?rest_route=%2Fwp%2Fv2%2Fcomments&post=1616"}],"version-history":[{"count":0,"href":"https:\/\/hugin3.de\/index.php?rest_route=\/wp\/v2\/posts\/1616\/revisions"}],"wp:featuredmedia":[{"embeddable":true,"href":"https:\/\/hugin3.de\/index.php?rest_route=\/wp\/v2\/media\/2135"}],"wp:attachment":[{"href":"https:\/\/hugin3.de\/index.php?rest_route=%2Fwp%2Fv2%2Fmedia&parent=1616"}],"wp:term":[{"taxonomy":"category","embeddable":true,"href":"https:\/\/hugin3.de\/index.php?rest_route=%2Fwp%2Fv2%2Fcategories&post=1616"},{"taxonomy":"post_tag","embeddable":true,"href":"https:\/\/hugin3.de\/index.php?rest_route=%2Fwp%2Fv2%2Ftags&post=1616"}],"curies":[{"name":"wp","href":"https:\/\/api.w.org\/{rel}","templated":true}]}}