{"id":1614,"date":"2017-07-24T16:01:26","date_gmt":"2017-07-24T14:01:26","guid":{"rendered":"http:\/\/hugin31155.apps-1and1.net\/?p=1614"},"modified":"2017-07-24T16:01:26","modified_gmt":"2017-07-24T14:01:26","slug":"ueberfahrt-sao-miguel-portugalfestland-vi","status":"publish","type":"post","link":"https:\/\/hugin3.de\/?p=1614","title":{"rendered":"Die Ankunft"},"content":{"rendered":"<p>Atlantik, 23.7. 2017, 18:15 Uhr, 36\u00b059N, 009\u00b005W,<\/p>\n<p>Immer noch kein Land in Sicht. Die Wellen sind deutlich flacher geworden, wir m\u00fcssten in der Abdeckung sein. Wir sp\u00e4hen und suchen \u2013 nichts. Jetzt m\u00fcsste doch endlich die K\u00fcste Portugals auftauchen! Da! Eine Wolke? Nein, sie bleibt. Es sind Felsen. Cabo de Sao Vincente. Wir sind da. Wir haben es geschafft. Wir fallen uns in die Arme. Zum Jubeln sind wir viel zu m\u00fcde.<\/p>\n<p>Cabo de Sao Vincente, sagenumwoben. Von da sind die portugiesischen Eroberer gestartet. Wir kehren zur\u00fcck.<\/p>\n<p>10 Meilen noch dauert es, bis wir die Bucht erreicht haben, in der wir ankern wollen. Um ein letztes Mal im offenen Atlantik baden zu k\u00f6nnen. Von da an werden es Marinas oder Flussm\u00fcndungen sein, in denen wir \u00fcbernachten.<\/p>\n<p>Die Bucht, Sagres, gef\u00e4llt uns nicht. Steile Felsw\u00e4nde, kein Leben. Wir ziehen weiter, in der n\u00e4chsten Bucht gibt es immerhin einen kleinen Fischerhafen. Kahle K\u00fcste. Was f\u00fcr ein Wechseln nach den gr\u00fcnen, saftigen Azoreninseln.<\/p>\n<p>Eigentlich wollte ich wenigstens heute Abend sch\u00f6n f\u00fcr meinen Mann ein Geburtstagsessen kochen, eigentlich sollte der Korken knallen \u2013 wir sind zu ersch\u00f6pft. Freuen uns riesig \u00fcber das erste Bier seit einer Woche, ein Glas Rotwein, Tortillachips und Tomatensalsa. Und fallen ins Bett. Endlich wieder ruhig schlafen!<\/p>\n","protected":false},"excerpt":{"rendered":"<p>Atlantik, 23.7. 2017, 18:15 Uhr, 36\u00b059N, 009\u00b005W, Immer noch kein Land in Sicht. Die Wellen sind deutlich flacher geworden, wir m\u00fcssten in der Abdeckung sein. Wir sp\u00e4hen und suchen \u2013 nichts. Jetzt m\u00fcsste doch endlich die K\u00fcste Portugals auftauchen! Da! Eine Wolke? Nein, sie bleibt. Es sind Felsen. Cabo de Sao Vincente. Wir sind da. &hellip; <\/p>\n<p class=\"link-more\"><a href=\"https:\/\/hugin3.de\/?p=1614\" class=\"more-link\">Continue reading<span class=\"screen-reader-text\"> &#8222;Die Ankunft&#8220;<\/span><\/a><\/p>\n","protected":false},"author":2,"featured_media":2134,"comment_status":"open","ping_status":"open","sticky":false,"template":"","format":"standard","meta":{"ngg_post_thumbnail":0,"footnotes":""},"categories":[1],"tags":[],"class_list":["post-1614","post","type-post","status-publish","format-standard","has-post-thumbnail","hentry","category-uncategorized"],"geo":{"latitude":36.7424088,"longitude":-9.0057297,"description":null},"_links":{"self":[{"href":"https:\/\/hugin3.de\/index.php?rest_route=\/wp\/v2\/posts\/1614","targetHints":{"allow":["GET"]}}],"collection":[{"href":"https:\/\/hugin3.de\/index.php?rest_route=\/wp\/v2\/posts"}],"about":[{"href":"https:\/\/hugin3.de\/index.php?rest_route=\/wp\/v2\/types\/post"}],"author":[{"embeddable":true,"href":"https:\/\/hugin3.de\/index.php?rest_route=\/wp\/v2\/users\/2"}],"replies":[{"embeddable":true,"href":"https:\/\/hugin3.de\/index.php?rest_route=%2Fwp%2Fv2%2Fcomments&post=1614"}],"version-history":[{"count":0,"href":"https:\/\/hugin3.de\/index.php?rest_route=\/wp\/v2\/posts\/1614\/revisions"}],"wp:featuredmedia":[{"embeddable":true,"href":"https:\/\/hugin3.de\/index.php?rest_route=\/wp\/v2\/media\/2134"}],"wp:attachment":[{"href":"https:\/\/hugin3.de\/index.php?rest_route=%2Fwp%2Fv2%2Fmedia&parent=1614"}],"wp:term":[{"taxonomy":"category","embeddable":true,"href":"https:\/\/hugin3.de\/index.php?rest_route=%2Fwp%2Fv2%2Fcategories&post=1614"},{"taxonomy":"post_tag","embeddable":true,"href":"https:\/\/hugin3.de\/index.php?rest_route=%2Fwp%2Fv2%2Ftags&post=1614"}],"curies":[{"name":"wp","href":"https:\/\/api.w.org\/{rel}","templated":true}]}}