{"id":1611,"date":"2017-07-24T15:56:38","date_gmt":"2017-07-24T13:56:38","guid":{"rendered":"http:\/\/hugin31155.apps-1and1.net\/?p=1611"},"modified":"2017-07-24T15:56:38","modified_gmt":"2017-07-24T13:56:38","slug":"ueberfahrt-sao-miguel-portugalfestland-v","status":"publish","type":"post","link":"https:\/\/hugin3.de\/?p=1611","title":{"rendered":"Windst\u00e4rke 8"},"content":{"rendered":"<p>23.7.2017 Atlantik, 36\u00b057,781N, 009\u00b00914W<\/p>\n<p>Langweilig? So etwas sollte man nie denken, noch nicht mal ganz leise &#8211; in der letzten Hirnschublade. Vielleicht will der Atlantik uns an unserem letzten Tag auf dem offenen Meer zeigen, was er kann (er kann noch viel mehr, f\u00fcrchten wir). Er bl\u00e4st sich auf.<\/p>\n<p>Wir sind gewappnet. Sebastian hat uns vorgewarnt: 20 bis 30 Knoten seien zu erwarten, die Wetterwelt schickt uns Wetterdaten bis zu 28 Knoten. Aber die \u00fcbertreiben f\u00fcr gew\u00f6hnlich etwas&#8230;<\/p>\n<p>Diesmal nicht. Wir haben bis zu 32 Knoten Wind, Wellen bis zu 6 Meter H\u00f6he. Die brechen sich mit f\u00fcrchterlichem Krachen an der Bootswand, werden zu einer riesigen Font\u00e4ne und setzen das Deck unter Wasser. Das findet irgendwie seinen Weg ins Bootsinnere, es tropft, wo es nur tropfen\u00a0 kann.<\/p>\n<p>Noch vor Dunkelheit haben wir gestern zum Gl\u00fcck das Gro\u00df geborgen, nun versuchen wir, nur mit Fock und Besan dem ganzen Herr zu werden. Der Wind bleibt launisch, kommt mit 18,20 Knoten, dann aber B\u00f6en bis zu 26,28, sogar 32 Knoten. Wie soll man das segeln? Da wir immer gesagt haben, dass Sicherheit vor Geschwindigkeit geht,\u00a0 reffen wir, soweit es geht. Und stehen fast bei 3,8 Knoten Fahrt. Die hohen Wellen bremsen. Wir wollen doch weiter, es hinter uns bringen!<\/p>\n<p>In den Morgenstunden wird der Wind stetiger, wir haben regelm\u00e4\u00dfig um die 26 Knoten.\u00a0 Reffen die Fock etwas aus und machen Speed. 6, manchmal sogar 7 Knoten. Endlich.<\/p>\n<p>Aber es bleibt ruppig.Wir m\u00fcssen uns bei jedem Schritt festhalten, ja festkrallen, um nicht umhergeschleudert zu werden. Es scheppert \u00fcberall, ich f\u00fcrchte um die Gl\u00e4ser, das Geschirr, die Flaschen in der Bilge.<\/p>\n<p>Peter gelingt es, zum Fr\u00fchst\u00fcck ein R\u00fchrei zu zaubern, das nicht von der Pfanne rutscht.<\/p>\n<p>Daf\u00fcr fliegt die Teekanne quer durch die Komb\u00fcse und ergie\u00dft ihren Inhalt \u00fcber das Ei. R\u00fchrei mit Tee \u2013 auch nicht schlecht. Ich koche zum ersten Mal auf der gesamten Atlantikpassage nichts. Es gibt K\u00e4sew\u00fcrfel, Kr\u00e4cker und Snickers.<\/p>\n<p>Es ist anstrengend. Und doch \u2013 es ist auch gro\u00dfartig. Auf dem Wellenkamm zu reiten, die Wellen unter uns durchrauschen zu sehen. Den Wind zu sp\u00fcren. In die Weite zu sehen&#8230;<\/p>\n<p>Obenauf \u2013 der K\u00e4pt\u2019n. Seit f\u00fcnf Uhr morgens steht er im Cockpit, unterst\u00fctzt die Windsteueranlage, refft aus, refft ein, holt dicht, fiert wieder auf. Unerm\u00fcdlich. Und ist gl\u00fccklich.<\/p>\n<p>Vielleicht ist es das Geburtstagsgeschenk des Atlantiks f\u00fcr ihn.<\/p>\n<p>Peter wird heute 60.<\/p>\n","protected":false},"excerpt":{"rendered":"<p>23.7.2017 Atlantik, 36\u00b057,781N, 009\u00b00914W Langweilig? So etwas sollte man nie denken, noch nicht mal ganz leise &#8211; in der letzten Hirnschublade. Vielleicht will der Atlantik uns an unserem letzten Tag auf dem offenen Meer zeigen, was er kann (er kann noch viel mehr, f\u00fcrchten wir). Er bl\u00e4st sich auf. Wir sind gewappnet. Sebastian hat uns &hellip; <\/p>\n<p class=\"link-more\"><a href=\"https:\/\/hugin3.de\/?p=1611\" class=\"more-link\">Continue reading<span class=\"screen-reader-text\"> &#8222;Windst\u00e4rke 8&#8220;<\/span><\/a><\/p>\n","protected":false},"author":2,"featured_media":2133,"comment_status":"open","ping_status":"open","sticky":false,"template":"","format":"standard","meta":{"ngg_post_thumbnail":0,"footnotes":""},"categories":[1],"tags":[],"class_list":["post-1611","post","type-post","status-publish","format-standard","has-post-thumbnail","hentry","category-uncategorized"],"geo":{"latitude":36.5705223,"longitude":-9.9203424,"description":null},"_links":{"self":[{"href":"https:\/\/hugin3.de\/index.php?rest_route=\/wp\/v2\/posts\/1611","targetHints":{"allow":["GET"]}}],"collection":[{"href":"https:\/\/hugin3.de\/index.php?rest_route=\/wp\/v2\/posts"}],"about":[{"href":"https:\/\/hugin3.de\/index.php?rest_route=\/wp\/v2\/types\/post"}],"author":[{"embeddable":true,"href":"https:\/\/hugin3.de\/index.php?rest_route=\/wp\/v2\/users\/2"}],"replies":[{"embeddable":true,"href":"https:\/\/hugin3.de\/index.php?rest_route=%2Fwp%2Fv2%2Fcomments&post=1611"}],"version-history":[{"count":0,"href":"https:\/\/hugin3.de\/index.php?rest_route=\/wp\/v2\/posts\/1611\/revisions"}],"wp:featuredmedia":[{"embeddable":true,"href":"https:\/\/hugin3.de\/index.php?rest_route=\/wp\/v2\/media\/2133"}],"wp:attachment":[{"href":"https:\/\/hugin3.de\/index.php?rest_route=%2Fwp%2Fv2%2Fmedia&parent=1611"}],"wp:term":[{"taxonomy":"category","embeddable":true,"href":"https:\/\/hugin3.de\/index.php?rest_route=%2Fwp%2Fv2%2Fcategories&post=1611"},{"taxonomy":"post_tag","embeddable":true,"href":"https:\/\/hugin3.de\/index.php?rest_route=%2Fwp%2Fv2%2Ftags&post=1611"}],"curies":[{"name":"wp","href":"https:\/\/api.w.org\/{rel}","templated":true}]}}