{"id":1600,"date":"2017-07-22T14:16:32","date_gmt":"2017-07-22T12:16:32","guid":{"rendered":"http:\/\/hugin31155.apps-1and1.net\/?p=1600"},"modified":"2017-07-22T14:16:32","modified_gmt":"2017-07-22T12:16:32","slug":"ueberfahrt-sao-miguel-portugalfestland-i","status":"publish","type":"post","link":"https:\/\/hugin3.de\/?p=1600","title":{"rendered":"\u00dcberfahrt Sao Miguel-Portugal\/Festland"},"content":{"rendered":"<p>Auf dem Atlantik , 17.-20.7.2017, 37\u00b010N, 17\u00b056W<\/p>\n<p>&#8230;am 17.7. um 16 Uhr legen wir ab.<\/p>\n<p>Ich hatte unsere Reise \u00fcber den Atlantik mit der Ankunft auf den Azoren mental beendet. Von dort aufs Festland \u2013 so um die 500 Meilen. Ein Klacks. Dachte ich. Welch ein Irrtum.<\/p>\n<p>Es sind \u00fcber 800 Meilen bis Lagos, etwa 7 Tage. Und darauf habe ich, haben wir beide, gar keine Lust mehr. Wohl scheint der Wind uns relativ wohlgesonnen, aber wir k\u00f6nnten auf diesen letzten Abschnitt auf dem Ozean verzichten.<\/p>\n<p>Es f\u00e4ngt auch nicht so toll an.<\/p>\n<p>Bew\u00f6lkt, dann Regen, so dass die Viertelstundennickerchen der Wache an Deck ausfallen. Zu nass. Au\u00dferdem ist es so finster, dass wir wirklich Ausguck halten \u2013 nach Fischerbooten, Walen&#8230;Wir schlafen beide kaum und sind ziemlich ger\u00e4dert.<\/p>\n<p>Der Tag darauf ist nicht Freitag der 13., aber ein schwarzer Tag. Ich h\u00f6re in den fr\u00fchen Morgenstunden Peter an Deck wurschteln und sehe ihn \u2013 den verbogenen Spi-Baum bergen.<\/p>\n<p>Wir hatten Wind von hinten, die Fock also ausgebaumt, bilderbuchm\u00e4\u00dfig nach oben, rechts und links gesichert, und dann waren die Kr\u00e4fte doch zu stark. So ein Mist.<\/p>\n<p>Nicht viel sp\u00e4ter geht es weiter. Wir fahren unter Windsteueranlage, um den Autopiloten zu schonen, und Hugin steuert pl\u00f6tzlich, wohin sie will. Peter schaut nach \u2013 der Stift, der Schaft und Ruder der Windsteueranlage verbindet,\u00a0 ist gebrochen. Zum Gl\u00fcck hatte Peter das Ruderblatt noch vor kurzem mit einem Tau gesichert, sonst w\u00e4re es dahin. Und zum Gl\u00fcck gibt es einen Ersatzstift an Bord. Peter befestigt ihn, b\u00e4uchlings auf der Badeplattform liegend,\u00a0 bei 2 Meter hohen Wellen und starkem Geschaukel. Irgendwie. Ich bin gottfroh, als er wieder im Cockpit ist. Nass, aber erfolgreich.<\/p>\n<p>Dass bei dem Geschaukel meine Minestrone f\u00f6rmlich aus dem Topf geschleudert wird, ist angesichts der sonstigen Peche eher nicht erw\u00e4hnenswert. Mich \u00e4rgert es trotzdem. \u00dcberhaupt wieder dieses anstrengende Kochen \u2013 alles festhalten, keinen Moment aus den Augen lassen&#8230;nur noch 6 Tage&#8230;<\/p>\n<p>Noch dazu hat Peter Knieprobleme, er kann sein linkes nicht beugen. Das w\u00e4re der Gau. Peter l\u00e4diert, krank, nicht einsatzf\u00e4hig&#8230;Ich gehe im Stillen durch, wie ich Segel setzen w\u00fcrde, wenn ich es allein tun m\u00fcsste&#8230;unter Motor bringe ich uns auf jeden Fall aufs Festland. Aber h\u00e4lt Peter durch? Wenn er starke Schmerzen kriegt? Und was dann? Zur\u00fcckfliegen ab Faro? Falls es der Minikus ist \u2013 vor Ort operieren lassen?<\/p>\n<p>Am n\u00e4chsten Tag geht es Peter zum Gl\u00fcck wieder besser.<\/p>\n<p>Und der Wind hat ein Einsehen und dreht auf Halbwindkurs, der ist gem\u00e4\u00dfigter, wir schaukeln deutlich weniger. Dann l\u00e4sst er nach, wir motorsegeln, bis er doch wieder zulegt, und dann das Ganze wieder von vorn. &#8230;340 Meilen haben wir heute, am 20., geschafft. Bleiben rund 500. Noch 4 lange Tage&#8230;<\/p>\n","protected":false},"excerpt":{"rendered":"<p>Auf dem Atlantik , 17.-20.7.2017, 37\u00b010N, 17\u00b056W &#8230;am 17.7. um 16 Uhr legen wir ab. Ich hatte unsere Reise \u00fcber den Atlantik mit der Ankunft auf den Azoren mental beendet. Von dort aufs Festland \u2013 so um die 500 Meilen. Ein Klacks. Dachte ich. Welch ein Irrtum. Es sind \u00fcber 800 Meilen bis Lagos, etwa &hellip; <\/p>\n<p class=\"link-more\"><a href=\"https:\/\/hugin3.de\/?p=1600\" class=\"more-link\"><span class=\"screen-reader-text\">\u201e\u00dcberfahrt Sao Miguel-Portugal\/Festland\u201c <\/span>weiterlesen<\/a><\/p>\n","protected":false},"author":2,"featured_media":2129,"comment_status":"open","ping_status":"open","sticky":false,"template":"","format":"standard","meta":{"ngg_post_thumbnail":0,"footnotes":""},"categories":[1],"tags":[],"class_list":["post-1600","post","type-post","status-publish","format-standard","has-post-thumbnail","hentry","category-uncategorized"],"geo":{"latitude":37.1252861,"longitude":-17.5561523,"description":null},"_links":{"self":[{"href":"https:\/\/hugin3.de\/index.php?rest_route=\/wp\/v2\/posts\/1600","targetHints":{"allow":["GET"]}}],"collection":[{"href":"https:\/\/hugin3.de\/index.php?rest_route=\/wp\/v2\/posts"}],"about":[{"href":"https:\/\/hugin3.de\/index.php?rest_route=\/wp\/v2\/types\/post"}],"author":[{"embeddable":true,"href":"https:\/\/hugin3.de\/index.php?rest_route=\/wp\/v2\/users\/2"}],"replies":[{"embeddable":true,"href":"https:\/\/hugin3.de\/index.php?rest_route=%2Fwp%2Fv2%2Fcomments&post=1600"}],"version-history":[{"count":0,"href":"https:\/\/hugin3.de\/index.php?rest_route=\/wp\/v2\/posts\/1600\/revisions"}],"wp:featuredmedia":[{"embeddable":true,"href":"https:\/\/hugin3.de\/index.php?rest_route=\/wp\/v2\/media\/2129"}],"wp:attachment":[{"href":"https:\/\/hugin3.de\/index.php?rest_route=%2Fwp%2Fv2%2Fmedia&parent=1600"}],"wp:term":[{"taxonomy":"category","embeddable":true,"href":"https:\/\/hugin3.de\/index.php?rest_route=%2Fwp%2Fv2%2Fcategories&post=1600"},{"taxonomy":"post_tag","embeddable":true,"href":"https:\/\/hugin3.de\/index.php?rest_route=%2Fwp%2Fv2%2Ftags&post=1600"}],"curies":[{"name":"wp","href":"https:\/\/api.w.org\/{rel}","templated":true}]}}