{"id":1565,"date":"2017-07-22T14:01:24","date_gmt":"2017-07-22T12:01:24","guid":{"rendered":"http:\/\/hugin31155.apps-1and1.net\/?p=1565"},"modified":"2017-07-22T14:01:24","modified_gmt":"2017-07-22T12:01:24","slug":"terceira-die-insel","status":"publish","type":"post","link":"https:\/\/hugin3.de\/?p=1565","title":{"rendered":"Terceira, Die Insel"},"content":{"rendered":"<p>Die Insel<\/p>\n<p>Terceira, 11.7.2017<\/p>\n<p>Ein grober Fehler. Denn so entgeht mir, dass es im Norden Terceiras, in Biscoitos, eine wundersch\u00f6ne Badelandschaft gibt \u2013 nat\u00fcrliche Pools in den Lavasteinen, in die der Atlantik flie\u00dft. Und ich keine Badeklamotten mitnehme. So m\u00fcssen wir am Rande stehenbleiben und sehns\u00fcchtig zuschauen, wie sch\u00f6n man im Meer baden k\u00f6nnte&#8230;<\/p>\n<p>Der Rest der Insel ist auch h\u00fcbsch. Ein bisschen Weinanbau zwischen Lavagestein wie auf Pico, Hortensien, Landwirtschaft. Nett.<br \/>\nWir ziehen weiter&#8230;<\/p>\n","protected":false},"excerpt":{"rendered":"<p>Die Insel Terceira, 11.7.2017 Ein grober Fehler. Denn so entgeht mir, dass es im Norden Terceiras, in Biscoitos, eine wundersch\u00f6ne Badelandschaft gibt \u2013 nat\u00fcrliche Pools in den Lavasteinen, in die der Atlantik flie\u00dft. Und ich keine Badeklamotten mitnehme. So m\u00fcssen wir am Rande stehenbleiben und sehns\u00fcchtig zuschauen, wie sch\u00f6n man im Meer baden k\u00f6nnte&#8230; Der &hellip; <\/p>\n<p class=\"link-more\"><a href=\"https:\/\/hugin3.de\/?p=1565\" class=\"more-link\">Continue reading<span class=\"screen-reader-text\"> &#8222;Terceira, Die Insel&#8220;<\/span><\/a><\/p>\n","protected":false},"author":2,"featured_media":2118,"comment_status":"open","ping_status":"open","sticky":false,"template":"","format":"standard","meta":{"ngg_post_thumbnail":0,"footnotes":""},"categories":[1],"tags":[],"class_list":["post-1565","post","type-post","status-publish","format-standard","has-post-thumbnail","hentry","category-uncategorized"],"geo":{"latitude":38.7331963,"longitude":-27.2158813,"description":"Ribeira Seca, Azores, 9760-357, PT"},"_links":{"self":[{"href":"https:\/\/hugin3.de\/index.php?rest_route=\/wp\/v2\/posts\/1565","targetHints":{"allow":["GET"]}}],"collection":[{"href":"https:\/\/hugin3.de\/index.php?rest_route=\/wp\/v2\/posts"}],"about":[{"href":"https:\/\/hugin3.de\/index.php?rest_route=\/wp\/v2\/types\/post"}],"author":[{"embeddable":true,"href":"https:\/\/hugin3.de\/index.php?rest_route=\/wp\/v2\/users\/2"}],"replies":[{"embeddable":true,"href":"https:\/\/hugin3.de\/index.php?rest_route=%2Fwp%2Fv2%2Fcomments&post=1565"}],"version-history":[{"count":0,"href":"https:\/\/hugin3.de\/index.php?rest_route=\/wp\/v2\/posts\/1565\/revisions"}],"wp:featuredmedia":[{"embeddable":true,"href":"https:\/\/hugin3.de\/index.php?rest_route=\/wp\/v2\/media\/2118"}],"wp:attachment":[{"href":"https:\/\/hugin3.de\/index.php?rest_route=%2Fwp%2Fv2%2Fmedia&parent=1565"}],"wp:term":[{"taxonomy":"category","embeddable":true,"href":"https:\/\/hugin3.de\/index.php?rest_route=%2Fwp%2Fv2%2Fcategories&post=1565"},{"taxonomy":"post_tag","embeddable":true,"href":"https:\/\/hugin3.de\/index.php?rest_route=%2Fwp%2Fv2%2Ftags&post=1565"}],"curies":[{"name":"wp","href":"https:\/\/api.w.org\/{rel}","templated":true}]}}