{"id":1472,"date":"2017-06-22T15:16:34","date_gmt":"2017-06-22T13:16:34","guid":{"rendered":"http:\/\/hugin31155.apps-1and1.net\/?p=1472"},"modified":"2017-06-22T15:16:34","modified_gmt":"2017-06-22T13:16:34","slug":"der-reihe-nach","status":"publish","type":"post","link":"https:\/\/hugin3.de\/?p=1472","title":{"rendered":"Der Reihe nach&#8230;"},"content":{"rendered":"<p>20.6.2017, Faial, Horta<\/p>\n<p>Wie beschrieben, weckt der Anblick der Insel Faial gemischte Gef\u00fchle. Wir sind wieder in Europa! Das ist, wie nach Hause zu kommen. Obwohl wir noch nie in Portugal, geschweige denn auf den Azoren waren \u2013 wir f\u00fchlen uns allein bei dem Gedanken daran entpannter. Kein Umrechnen mehr, Einkaufen wird leichter, alles ist vertrauter.  Aber vertraut ist eben auch manchmal&#8230;langweilig. Skeptisch blicke ich auf die Landschaft, als wir Faial entlang fahren.<\/p>\n<p>Alles so geordnet. Schmuck. Adrett. K\u00f6nnte das Kinzigtal im Schwarzwald sein, oder das Allg\u00e4u. <\/p>\n<p>Schmuck und adrett mag ich nun so gar nicht. Noch dazu regnet es, und es ist saukalt. Lange-Hosen-Wetter. Lange Hosen? Ich hab keine Ahnung, wo meine Jeans sind. Hab ich seit einem Jahr nicht mehr getragen. Nix wie weg hier.<\/p>\n<p>Ich versuche, den K\u00e4pt\u2019n zu bezirzen, einen U-Turn zu fahren. Wir gehen zur\u00fcck! Und haben den Wind von hinten, das ist perfekt! Vorr\u00e4te reichen auch, sofern man Nudeln mit Tomatenso\u00dfe mag. Bitte!!! Ich find\u2019s hier nicht so sch\u00f6n..<\/p>\n<p>Der K\u00e4pt\u2019n bliebt stoisch. Das kennt er von mir. Und dann kommt der zweite Blick&#8230;<\/p>\n<p>Der folgt in der Tat, als wir um  ein Cap biegen. Schon sieht es anders aus. Kolonialbauten. Ein kleines St\u00e4dtchen. Etwas angegammelte, gelebte H\u00e4user. Nett!<\/p>\n<p>Wir m\u00f6chten in die Marina. Auf Kanal 16, 10 antwortet niemand. Also anrufen. Oh, leider seien sie komplett voll, meint der Mitarbeiter der Captania. Aber wir k\u00f6nnten gern ins P\u00e4ckchen! Uns wird ein Platz an einem riesigen Katamaran angeboten. Na gut. Dessen Bewohnerin hei\u00dft Ilka, ist Deutsche und sehr freundlich und hilfsbereit. Ich habe, noch traumatisiert durch das von-Bord-gehen auf Martinique, Bedenken, von der Hugin auf den Kat und von da an Land zu gehen, aber ich werd\u2019s wohl m\u00fcssen. Vielleicht schaffe ich\u2019s ja mal, nicht ins Wasser zu fallen&#8230;<\/p>\n<p>Kaum liegen wir, winkt uns jemand heftigst vom Kai aus zu. Sabrina und Hermann von der \u201eFreedom\u201c! Wir kennen sie von den BVIs, haben die fullmoonparty in der Tyrell Bay zusammen gefeiert, und uns dann verloren, sie sind von St. Martin aus gestartet. Wir hatten gedacht, dass sie l\u00e4ngst auf dem Weg aufs Festland sind. Sie haben unseren Blog verfolgt und auf dem AIS gesehen, wann wir in Horta einlaufen. So ein netter Empfang! Schon ist das Ankommen sch\u00f6ner.<\/p>\n<p>Wir klarieren ein und sind damit offiziell wieder in Europa. <\/p>\n<p>Drehen eine Runde durch den Ort. Freundlich, entspannt. Viele Segler aus allen m\u00f6glichen europ\u00e4ischen L\u00e4ndern \u2013 Amerikaner und Canadier sind hier nicht mehr vertreten.<\/p>\n<p>Es gibt f\u00fcr 2 Euro Handt\u00fccher mit Seife und Duschen. Duschen! DUSCHEN! HAAREWASCHEN!!! HEISSES WASSER!!!! G\u00f6ttlich. Peter w\u00fcrde am liebsten gar nicht mehr unter dem Strahl hervorkommen. Ach, ist das gut.<\/p>\n<p>Und beim ersten frisch gezapften europ\u00e4ischen Bier in der legend\u00e4ren Peter\u2019s Sportsbar stellen wir fest, dass dieses Reisen s\u00fcchtig macht. Wie sollen wir uns wieder an ein festes Haus, vier W\u00e4nde und ein Dach gew\u00f6hnen? An den immer gleichen Tagesrhythmus? Den Trott?<\/p>\n<p>Keine Sorge, wir kommen zur\u00fcck. Haben wir versprochen, wir m\u00fcssen ja auch wieder arbeiten und Geld verdienen, und wir freuen uns auf Euch! Ehrlich.<\/p>\n<p>Trotzdem \u2013 wir w\u00fcrden am liebsten sofort wieder losstechen. Richtung Karibik&#8230;<\/p>\n","protected":false},"excerpt":{"rendered":"<p>20.6.2017, Faial, Horta Wie beschrieben, weckt der Anblick der Insel Faial gemischte Gef\u00fchle. Wir sind wieder in Europa! Das ist, wie nach Hause zu kommen. Obwohl wir noch nie in Portugal, geschweige denn auf den Azoren waren \u2013 wir f\u00fchlen uns allein bei dem Gedanken daran entpannter. Kein Umrechnen mehr, Einkaufen wird leichter, alles ist &hellip; <\/p>\n<p class=\"link-more\"><a href=\"https:\/\/hugin3.de\/?p=1472\" class=\"more-link\">Continue reading<span class=\"screen-reader-text\"> &#8222;Der Reihe nach&#8230;&#8220;<\/span><\/a><\/p>\n","protected":false},"author":2,"featured_media":2104,"comment_status":"open","ping_status":"open","sticky":false,"template":"","format":"standard","meta":{"ngg_post_thumbnail":0,"footnotes":""},"categories":[1],"tags":[],"class_list":["post-1472","post","type-post","status-publish","format-standard","has-post-thumbnail","hentry","category-uncategorized"],"geo":{"latitude":38.4277725,"longitude":-28.6523438,"description":"EN1-1A, 9900 Feteira, Portugal"},"_links":{"self":[{"href":"https:\/\/hugin3.de\/index.php?rest_route=\/wp\/v2\/posts\/1472","targetHints":{"allow":["GET"]}}],"collection":[{"href":"https:\/\/hugin3.de\/index.php?rest_route=\/wp\/v2\/posts"}],"about":[{"href":"https:\/\/hugin3.de\/index.php?rest_route=\/wp\/v2\/types\/post"}],"author":[{"embeddable":true,"href":"https:\/\/hugin3.de\/index.php?rest_route=\/wp\/v2\/users\/2"}],"replies":[{"embeddable":true,"href":"https:\/\/hugin3.de\/index.php?rest_route=%2Fwp%2Fv2%2Fcomments&post=1472"}],"version-history":[{"count":0,"href":"https:\/\/hugin3.de\/index.php?rest_route=\/wp\/v2\/posts\/1472\/revisions"}],"wp:featuredmedia":[{"embeddable":true,"href":"https:\/\/hugin3.de\/index.php?rest_route=\/wp\/v2\/media\/2104"}],"wp:attachment":[{"href":"https:\/\/hugin3.de\/index.php?rest_route=%2Fwp%2Fv2%2Fmedia&parent=1472"}],"wp:term":[{"taxonomy":"category","embeddable":true,"href":"https:\/\/hugin3.de\/index.php?rest_route=%2Fwp%2Fv2%2Fcategories&post=1472"},{"taxonomy":"post_tag","embeddable":true,"href":"https:\/\/hugin3.de\/index.php?rest_route=%2Fwp%2Fv2%2Ftags&post=1472"}],"curies":[{"name":"wp","href":"https:\/\/api.w.org\/{rel}","templated":true}]}}