{"id":1033,"date":"2017-02-27T23:36:15","date_gmt":"2017-02-27T21:36:15","guid":{"rendered":"http:\/\/hugin31155.apps-1and1.net\/?p=1033"},"modified":"2017-02-27T23:36:15","modified_gmt":"2017-02-27T21:36:15","slug":"auf-zur-naechsten-parade","status":"publish","type":"post","link":"https:\/\/hugin3.de\/?p=1033","title":{"rendered":"Auf zur n\u00e4chsten Parade"},"content":{"rendered":"<p>27.2.2017<\/p>\n<p>Und die soll in Basse-Terre stattfinden.Also &#8211; auf!<\/p>\n<p>Das Segeln ist mal wieder alles andere als das, was wir uns unter &#8222;Karibiksegeln&#8220; vorgestellt haben &#8211; es regnet regelm\u00e4\u00dfig, der Wind ist stark, die Wellen kabbelig, jedenfalls bis zur H\u00e4lfte&#8230;aber irgendwie schaffen wir es doch. Wir haben reserviert, Einen Platz in der Marina de Riviere Sens. Was f\u00fcr ein Luxus! Dort gibt es nur wenige Pl\u00e4tze, und wir haben einen ergattert! Endlich wieder Dusche, richtig Haarewaschen, W\u00e4scherei, Internet, eigenst\u00e4ndig ohne Peter als Taxifahrer das Boot verlassen k\u00f6nnen!<\/p>\n<p>Zu fr\u00fch gefreut. Als wir die Marina auf Kanal 16 und 9 anrufen, antwortet niemand.<br \/>\nAlso gehen wir an die Boje. Auch gut.Billiger. Keine Dusche, naja, dann eben Katzenw\u00e4sche wie immer. daf\u00fcr k\u00f6nnen wir vom Boot aus ins Meer, hat ja auch was. Und Internet, wie immer &#8211; von der Kneipe aus&#8230;<\/p>\n","protected":false},"excerpt":{"rendered":"<p>27.2.2017 Und die soll in Basse-Terre stattfinden.Also &#8211; auf! Das Segeln ist mal wieder alles andere als das, was wir uns unter &#8222;Karibiksegeln&#8220; vorgestellt haben &#8211; es regnet regelm\u00e4\u00dfig, der Wind ist stark, die Wellen kabbelig, jedenfalls bis zur H\u00e4lfte&#8230;aber irgendwie schaffen wir es doch. Wir haben reserviert, Einen Platz in der Marina de Riviere &hellip; <\/p>\n<p class=\"link-more\"><a href=\"https:\/\/hugin3.de\/?p=1033\" class=\"more-link\">Continue reading<span class=\"screen-reader-text\"> &#8222;Auf zur n\u00e4chsten Parade&#8220;<\/span><\/a><\/p>\n","protected":false},"author":2,"featured_media":2006,"comment_status":"open","ping_status":"open","sticky":false,"template":"","format":"standard","meta":{"ngg_post_thumbnail":0,"footnotes":""},"categories":[1],"tags":[],"class_list":["post-1033","post","type-post","status-publish","format-standard","has-post-thumbnail","hentry","category-uncategorized"],"geo":{"latitude":16.0035763,"longitude":-61.7321777,"description":"Basse-Terre, Guadeloupe, 97103 CEDEX, GP"},"_links":{"self":[{"href":"https:\/\/hugin3.de\/index.php?rest_route=\/wp\/v2\/posts\/1033","targetHints":{"allow":["GET"]}}],"collection":[{"href":"https:\/\/hugin3.de\/index.php?rest_route=\/wp\/v2\/posts"}],"about":[{"href":"https:\/\/hugin3.de\/index.php?rest_route=\/wp\/v2\/types\/post"}],"author":[{"embeddable":true,"href":"https:\/\/hugin3.de\/index.php?rest_route=\/wp\/v2\/users\/2"}],"replies":[{"embeddable":true,"href":"https:\/\/hugin3.de\/index.php?rest_route=%2Fwp%2Fv2%2Fcomments&post=1033"}],"version-history":[{"count":0,"href":"https:\/\/hugin3.de\/index.php?rest_route=\/wp\/v2\/posts\/1033\/revisions"}],"wp:featuredmedia":[{"embeddable":true,"href":"https:\/\/hugin3.de\/index.php?rest_route=\/wp\/v2\/media\/2006"}],"wp:attachment":[{"href":"https:\/\/hugin3.de\/index.php?rest_route=%2Fwp%2Fv2%2Fmedia&parent=1033"}],"wp:term":[{"taxonomy":"category","embeddable":true,"href":"https:\/\/hugin3.de\/index.php?rest_route=%2Fwp%2Fv2%2Fcategories&post=1033"},{"taxonomy":"post_tag","embeddable":true,"href":"https:\/\/hugin3.de\/index.php?rest_route=%2Fwp%2Fv2%2Ftags&post=1033"}],"curies":[{"name":"wp","href":"https:\/\/api.w.org\/{rel}","templated":true}]}}